{"id":129890,"date":"2022-01-17T17:30:23","date_gmt":"2022-01-17T20:30:23","guid":{"rendered":"http:\/\/www.blogdothame.blog.br\/v1\/?p=129890"},"modified":"2022-01-17T17:31:06","modified_gmt":"2022-01-17T20:31:06","slug":"governo-do-estado-firma-convenios-para-construcao-de-moradias-e-entrega-equipamentos-a-municipios-afetados-pelas-chuvas","status":"publish","type":"post","link":"https:\/\/www.blogdothame.blog.br\/v1\/2022\/01\/17\/governo-do-estado-firma-convenios-para-construcao-de-moradias-e-entrega-equipamentos-a-municipios-afetados-pelas-chuvas\/","title":{"rendered":"Governo do Estado firma conv\u00eanios para constru\u00e7\u00e3o de moradias e entrega equipamentos a munic\u00edpios afetados pelas chuvas"},"content":{"rendered":"<p><a href=\"http:\/\/www.blogdothame.blog.br\/v1\/wp-content\/uploads\/2022\/01\/rui-casas-4.jpg\"><img loading=\"lazy\" class=\"aligncenter size-medium wp-image-129891\" src=\"http:\/\/www.blogdothame.blog.br\/v1\/wp-content\/uploads\/2022\/01\/rui-casas-4-300x200.jpg\" alt=\"rui casas (4)\" width=\"300\" height=\"200\" srcset=\"https:\/\/www.blogdothame.blog.br\/v1\/wp-content\/uploads\/2022\/01\/rui-casas-4-300x200.jpg 300w, https:\/\/www.blogdothame.blog.br\/v1\/wp-content\/uploads\/2022\/01\/rui-casas-4.jpg 512w\" sizes=\"(max-width: 300px) 100vw, 300px\" \/><\/a>O governador Rui Costa assinou nesta segunda-feira (17), no Parque de Exposi\u00e7\u00f5es de Salvador, conv\u00eanios com seis munic\u00edpios atingidos pelas chuvas de dezembro de 2021 para a constru\u00e7\u00e3o de casas, por meio do Programa Bahia Minha Casa. A a\u00e7\u00e3o \u00e9 parte da determina\u00e7\u00e3o de dar prioridade e rapidez aos projetos de reconstru\u00e7\u00e3o das \u00e1reas afetadas pelas enchentes. O trabalho ser\u00e1 uma parceria entre as secretarias estaduais de Desenvolvimento Urbano (Sedur), via Companhia de Desenvolvimento Urbano (Conder), e de Rela\u00e7\u00f5es Institucionais (Serin). T\u00eam prioridade no atendimento as fam\u00edlias desabrigadas em munic\u00edpios que elaboraram os cadastros de moradores de bairros destru\u00eddos pelos temporais.<\/p>\n<p><a href=\"http:\/\/www.blogdothame.blog.br\/v1\/wp-content\/uploads\/2022\/01\/rui-casas-2.jpg\"><img loading=\"lazy\" class=\"aligncenter size-medium wp-image-129892\" src=\"http:\/\/www.blogdothame.blog.br\/v1\/wp-content\/uploads\/2022\/01\/rui-casas-2-300x190.jpg\" alt=\"rui casas (2)\" width=\"300\" height=\"190\" srcset=\"https:\/\/www.blogdothame.blog.br\/v1\/wp-content\/uploads\/2022\/01\/rui-casas-2-300x190.jpg 300w, https:\/\/www.blogdothame.blog.br\/v1\/wp-content\/uploads\/2022\/01\/rui-casas-2.jpg 512w\" sizes=\"(max-width: 300px) 100vw, 300px\" \/><\/a><\/p>\n<p>Os seis primeiros contemplados s\u00e3o Itamb\u00e9, Ibicara\u00ed, Ipia\u00fa, Ibirataia, Ubat\u00e3 e Macarani; cujos prefeitos participaram de um encontro com a equipe de governo, no dia 5 de janeiro, e apresentaram a documenta\u00e7\u00e3o necess\u00e1ria. No total, 485 unidades habitacionais ser\u00e3o constru\u00eddas nas seis cidades, a um custo de R$ 35 milh\u00f5es. Antes da assinatura, Rui se reuniu com o vice-governador e secret\u00e1rio do Planejamento do Estado, Jo\u00e3o Le\u00e3o, al\u00e9m de prefeitos, secret\u00e1rios, parlamentares, entre outros convidados, para apresentar as a\u00e7\u00f5es e esclarecer d\u00favidas.<\/p>\n<p><a href=\"http:\/\/www.blogdothame.blog.br\/v1\/wp-content\/uploads\/2022\/01\/rui-casas-3.jpg\"><img loading=\"lazy\" class=\"aligncenter size-medium wp-image-129893\" src=\"http:\/\/www.blogdothame.blog.br\/v1\/wp-content\/uploads\/2022\/01\/rui-casas-3-300x200.jpg\" alt=\"rui casas (3)\" width=\"300\" height=\"200\" srcset=\"https:\/\/www.blogdothame.blog.br\/v1\/wp-content\/uploads\/2022\/01\/rui-casas-3-300x200.jpg 300w, https:\/\/www.blogdothame.blog.br\/v1\/wp-content\/uploads\/2022\/01\/rui-casas-3.jpg 512w\" sizes=\"(max-width: 300px) 100vw, 300px\" \/><\/a><\/p>\n<p>O governador explicou a import\u00e2ncia da rapidez por parte dos munic\u00edpios na elabora\u00e7\u00e3o dos cadastros dos benefici\u00e1rios do projeto habitacional e da escolha das \u00e1reas onde ser\u00e3o constru\u00eddos os im\u00f3veis. \u201cEm alguns casos, as \u00e1reas s\u00e3o, inclusive, do Governo do Estado. Eu espero que, nos pr\u00f3ximos dias, a gente consiga firmar mais conv\u00eanios e contratos. Os munic\u00edpios s\u00e3o livres para escolher como v\u00e3o fazer as casas e a urbaniza\u00e7\u00e3o, se por licita\u00e7\u00e3o ou em mutir\u00e3o\u201d, afirmou Rui.<\/p>\n<p><a href=\"http:\/\/www.blogdothame.blog.br\/v1\/wp-content\/uploads\/2022\/01\/rui-casas-1.jpg\"><img loading=\"lazy\" class=\"alignright size-medium wp-image-129894\" src=\"http:\/\/www.blogdothame.blog.br\/v1\/wp-content\/uploads\/2022\/01\/rui-casas-1-300x200.jpg\" alt=\"rui casas (1)\" width=\"300\" height=\"200\" srcset=\"https:\/\/www.blogdothame.blog.br\/v1\/wp-content\/uploads\/2022\/01\/rui-casas-1-300x200.jpg 300w, https:\/\/www.blogdothame.blog.br\/v1\/wp-content\/uploads\/2022\/01\/rui-casas-1.jpg 512w\" sizes=\"(max-width: 300px) 100vw, 300px\" \/><\/a>A prefeita de Ibicara\u00ed, Monalisa Tavares, informou que, no munic\u00edpio, \u201cem torno de 249 casas ca\u00edram ou est\u00e3o em situa\u00e7\u00e3o de risco. Ent\u00e3o, a chegada desse conv\u00eanio \u00e9 uma grande alegria. Mais de 100 fam\u00edlias j\u00e1 est\u00e3o garantidas com esse conv\u00eanio. Estou com muita f\u00e9 que, a partir de agora, vamos come\u00e7ar a reconstruir nossa cidade e, sobretudo, dar um lar para essas fam\u00edlias. A esperan\u00e7a de um novo tempo renasce em Ibicara\u00ed\u201d.<\/p>\n<p>O secret\u00e1rio de Rela\u00e7\u00f5es Institucionais, Luiz Caetano, destacou que a pasta tem \u201corientado os prefeitos e as prefeitas para que fa\u00e7am o cadastramento das fam\u00edlias que tiveram 100% de perda das casas. Muitos munic\u00edpios t\u00eam atrasado esse cadastramento, e n\u00f3s pedimos para que agilizem isso, pois o governador quer contemplar todos os munic\u00edpios que foram atingidos\u201d.<\/p>\n<p>Rui tamb\u00e9m entregou 28 ambul\u00e2ncias tipo van, por meio da Secretaria da Sa\u00fade do Estado (Sesab), e disponibilizou 56 m\u00e1quinas pesadas e equipamentos diversos para 19 Cons\u00f3rcios P\u00fablicos, que v\u00e3o ajudar na reconstru\u00e7\u00e3o das cidades mais prejudicadas pelas fortes chuvas. Foram entregues motoniveladoras, escavadeiras e ro\u00e7adeiras hidr\u00e1ulicas, tratores agr\u00edcolas e p\u00e1s carregadeiras, por meio das secretarias estaduais da Agricultura (Seagri) e de Infraestrutura (Seinfra).<\/p>\n<p><!--more--><\/p>\n<p>Recupera\u00e7\u00e3o de estradas<\/p>\n<p><a href=\"http:\/\/www.blogdothame.blog.br\/v1\/wp-content\/uploads\/2022\/01\/rui-casas-5.jpg\"><img loading=\"lazy\" class=\"alignleft size-medium wp-image-129895\" src=\"http:\/\/www.blogdothame.blog.br\/v1\/wp-content\/uploads\/2022\/01\/rui-casas-5-300x200.jpg\" alt=\"rui casas (5)\" width=\"300\" height=\"200\" srcset=\"https:\/\/www.blogdothame.blog.br\/v1\/wp-content\/uploads\/2022\/01\/rui-casas-5-300x200.jpg 300w, https:\/\/www.blogdothame.blog.br\/v1\/wp-content\/uploads\/2022\/01\/rui-casas-5.jpg 512w\" sizes=\"(max-width: 300px) 100vw, 300px\" \/><\/a>Desde dezembro, a Seagri e a Seinfra agilizam a compra de equipamentos para doa\u00e7\u00e3o aos cons\u00f3rcios de cidades afetadas pelas chuvas, com o objetivo de possibilitar a recupera\u00e7\u00e3o de estradas vicinais. \u201cA Secretaria de Desenvolvimento Rural (SDR), atrav\u00e9s da Companhia de Desenvolvimento e A\u00e7\u00e3o Regional (CAR), tamb\u00e9m disponibilizou ajuda aos munic\u00edpios para a compra de diesel, para que coloquem n\u00e3o apenas nessas m\u00e1quinas, mas tamb\u00e9m nas m\u00e1quinas das prefeituras e possam fazer o trabalho de recupera\u00e7\u00e3o emergencial das estradas e vias p\u00fablicas. Al\u00e9m disso, estamos cadastrando junto \u00e0s prefeituras os pontos das estradas municipais que foram afetadas\u201d, disse o titular da Seinfra, Marcus Cavalcanti.<\/p>\n<p>Sobre as estradas estaduais, Cavalcanti explicou que o Governo do Estado far\u00e1 um trabalho de recupera\u00e7\u00e3o, inicialmente, em 62 pontos. Entre eles, est\u00e3o os trechos que ligam Itamaraju a Jucuru\u00e7u, Itanh\u00e9m a Jucuru\u00e7u e a estrada de acesso a Prado. O investimento \u00e9 de R$ 11 milh\u00f5es.<\/p>\n<p>Fotos: Manu Dias\/GOVBA<\/p>\n","protected":false},"excerpt":{"rendered":"<p>O governador Rui Costa assinou nesta segunda-feira (17), no Parque de Exposi\u00e7\u00f5es de Salvador, conv\u00eanios com seis munic\u00edpios atingidos pelas chuvas de dezembro de 2021 para a constru\u00e7\u00e3o de casas, por meio do Programa Bahia Minha Casa. A a\u00e7\u00e3o \u00e9 parte da determina\u00e7\u00e3o de dar prioridade e rapidez aos projetos de reconstru\u00e7\u00e3o das \u00e1reas afetadas [&hellip;]<\/p>\n","protected":false},"author":2,"featured_media":0,"comment_status":"open","ping_status":"open","sticky":false,"template":"","format":"standard","meta":{"_links_to":"","_links_to_target":""},"categories":[1],"tags":[31974,16,31973,615],"_links":{"self":[{"href":"https:\/\/www.blogdothame.blog.br\/v1\/wp-json\/wp\/v2\/posts\/129890"}],"collection":[{"href":"https:\/\/www.blogdothame.blog.br\/v1\/wp-json\/wp\/v2\/posts"}],"about":[{"href":"https:\/\/www.blogdothame.blog.br\/v1\/wp-json\/wp\/v2\/types\/post"}],"author":[{"embeddable":true,"href":"https:\/\/www.blogdothame.blog.br\/v1\/wp-json\/wp\/v2\/users\/2"}],"replies":[{"embeddable":true,"href":"https:\/\/www.blogdothame.blog.br\/v1\/wp-json\/wp\/v2\/comments?post=129890"}],"version-history":[{"count":1,"href":"https:\/\/www.blogdothame.blog.br\/v1\/wp-json\/wp\/v2\/posts\/129890\/revisions"}],"predecessor-version":[{"id":129896,"href":"https:\/\/www.blogdothame.blog.br\/v1\/wp-json\/wp\/v2\/posts\/129890\/revisions\/129896"}],"wp:attachment":[{"href":"https:\/\/www.blogdothame.blog.br\/v1\/wp-json\/wp\/v2\/media?parent=129890"}],"wp:term":[{"taxonomy":"category","embeddable":true,"href":"https:\/\/www.blogdothame.blog.br\/v1\/wp-json\/wp\/v2\/categories?post=129890"},{"taxonomy":"post_tag","embeddable":true,"href":"https:\/\/www.blogdothame.blog.br\/v1\/wp-json\/wp\/v2\/tags?post=129890"}],"curies":[{"name":"wp","href":"https:\/\/api.w.org\/{rel}","templated":true}]}}