{"id":129612,"date":"2022-01-11T19:37:17","date_gmt":"2022-01-11T22:37:17","guid":{"rendered":"http:\/\/www.blogdothame.blog.br\/v1\/?p=129612"},"modified":"2022-01-11T15:39:43","modified_gmt":"2022-01-11T18:39:43","slug":"estudantes-da-rede-estadual-realizam-projeto-sobre-as-propriedades-das-plantas-medicinais","status":"publish","type":"post","link":"https:\/\/www.blogdothame.blog.br\/v1\/2022\/01\/11\/estudantes-da-rede-estadual-realizam-projeto-sobre-as-propriedades-das-plantas-medicinais\/","title":{"rendered":"Estudantes da rede estadual realizam projeto sobre as propriedades das plantas medicinais"},"content":{"rendered":"<p><a href=\"http:\/\/www.blogdothame.blog.br\/v1\/wp-content\/uploads\/2022\/01\/plantas-2.jpeg\"><img loading=\"lazy\" class=\"aligncenter size-medium wp-image-129614\" src=\"http:\/\/www.blogdothame.blog.br\/v1\/wp-content\/uploads\/2022\/01\/plantas-2-300x225.jpeg\" alt=\"plantas (2)\" width=\"300\" height=\"225\" srcset=\"https:\/\/www.blogdothame.blog.br\/v1\/wp-content\/uploads\/2022\/01\/plantas-2-300x225.jpeg 300w, https:\/\/www.blogdothame.blog.br\/v1\/wp-content\/uploads\/2022\/01\/plantas-2-400x300.jpeg 400w, https:\/\/www.blogdothame.blog.br\/v1\/wp-content\/uploads\/2022\/01\/plantas-2.jpeg 898w\" sizes=\"(max-width: 300px) 100vw, 300px\" \/><\/a>Com o objetivo de conhecer as plantas medicinais e levar conhecimento a respeito dos benef\u00edcios e malef\u00edcios do uso das mesmas, os estudantes da Escola Estadual Raul S\u00e1, localizado em Salvador, desenvolveram o projeto \u201cClube de Ci\u00eancias: Uso de Plantas Medicinais da comunidade escolar&#8221;. A pesquisa conquistou o 1\u00ba lugar na categoria \u201cCientista Junior\u201d, na 9\u00aa Feira de Ci\u00eancias, Empreendedorismo e Inova\u00e7\u00e3o da Bahia (FECIBA) realizada de forma on-line, em dezembro de 2021.<\/p>\n<p><a href=\"http:\/\/www.blogdothame.blog.br\/v1\/wp-content\/uploads\/2022\/01\/plantas-1.jpeg\"><img loading=\"lazy\" class=\"alignright size-medium wp-image-129613\" src=\"http:\/\/www.blogdothame.blog.br\/v1\/wp-content\/uploads\/2022\/01\/plantas-1-300x225.jpeg\" alt=\"plantas (1)\" width=\"300\" height=\"225\" srcset=\"https:\/\/www.blogdothame.blog.br\/v1\/wp-content\/uploads\/2022\/01\/plantas-1-300x225.jpeg 300w, https:\/\/www.blogdothame.blog.br\/v1\/wp-content\/uploads\/2022\/01\/plantas-1.jpeg 1024w, https:\/\/www.blogdothame.blog.br\/v1\/wp-content\/uploads\/2022\/01\/plantas-1-400x300.jpeg 400w\" sizes=\"(max-width: 300px) 100vw, 300px\" \/><\/a>A orientadora do projeto, Daniele dos Anjos, falou do impacto da pesquisa no aprendizado dos estudantes. \u201cO clube de Ci\u00eancias foi implantado durante o per\u00edodo da pandemia. Nos encontros virtuais, os estudantes resolveram montar o projeto, criaram um formul\u00e1rio de pesquisa e enviaram para os colegas da escola responderem. De posse do resultado, foram realizadas interven\u00e7\u00f5es para levar conhecimento para a comunidade escolar a respeito do uso de plantas medicinais. Com o retorno das aulas presenciais, ocorreram as pr\u00e1ticas experimentais a respeito da bot\u00e2nica. Portanto, o clube promoveu autonomia, protagonismo juvenil e alfabetiza\u00e7\u00e3o cient\u00edfica dos estudantes\u201d.<\/p>\n<p>Segundo o estudante Wesley de Souza, 17, 2\u00ba ano, o projeto proporcionou muitos aprendizados. \u201cConheci as plantas medicinais e aprendi sobre os seus benef\u00edcios e malef\u00edcios, como as que podem ser substitu\u00eddas e utilizadas como rem\u00e9dio para o bem da nossa sa\u00fade. A partir da pesquisa, surgiu o interesse de conhecer novas plantas e pesquisar sobre elas. Ser premiado em primeiro lugar no FECIBA foi algo gratificante e surpreendente para mim\u201d, comentou.<\/p>\n<p><!--more--><\/p>\n<p>A estudante Sarah da Silva, 13, 9\u00ba ano, afirmou que o conhecimento obtido no projeto \u00e9 muito importante. \u201cMuitas pessoas usam as plantas medicinais sem saber o que podem causar, pois elas t\u00eam os seus benef\u00edcios e malef\u00edcios para a sa\u00fade. A minha fam\u00edlia usa muito as plantas medicinais para fazer ch\u00e1 e eles n\u00e3o sabiam dos seus malef\u00edcios, pois usar demais pode causar toxicidade e, at\u00e9 mesmo, um aborto\u201d, revelou.<\/p>\n","protected":false},"excerpt":{"rendered":"<p>Com o objetivo de conhecer as plantas medicinais e levar conhecimento a respeito dos benef\u00edcios e malef\u00edcios do uso das mesmas, os estudantes da Escola Estadual Raul S\u00e1, localizado em Salvador, desenvolveram o projeto \u201cClube de Ci\u00eancias: Uso de Plantas Medicinais da comunidade escolar&#8221;. A pesquisa conquistou o 1\u00ba lugar na categoria \u201cCientista Junior\u201d, na [&hellip;]<\/p>\n","protected":false},"author":2,"featured_media":0,"comment_status":"open","ping_status":"open","sticky":false,"template":"","format":"standard","meta":{"_links_to":"","_links_to_target":""},"categories":[1],"tags":[51,31930,3482],"_links":{"self":[{"href":"https:\/\/www.blogdothame.blog.br\/v1\/wp-json\/wp\/v2\/posts\/129612"}],"collection":[{"href":"https:\/\/www.blogdothame.blog.br\/v1\/wp-json\/wp\/v2\/posts"}],"about":[{"href":"https:\/\/www.blogdothame.blog.br\/v1\/wp-json\/wp\/v2\/types\/post"}],"author":[{"embeddable":true,"href":"https:\/\/www.blogdothame.blog.br\/v1\/wp-json\/wp\/v2\/users\/2"}],"replies":[{"embeddable":true,"href":"https:\/\/www.blogdothame.blog.br\/v1\/wp-json\/wp\/v2\/comments?post=129612"}],"version-history":[{"count":1,"href":"https:\/\/www.blogdothame.blog.br\/v1\/wp-json\/wp\/v2\/posts\/129612\/revisions"}],"predecessor-version":[{"id":129615,"href":"https:\/\/www.blogdothame.blog.br\/v1\/wp-json\/wp\/v2\/posts\/129612\/revisions\/129615"}],"wp:attachment":[{"href":"https:\/\/www.blogdothame.blog.br\/v1\/wp-json\/wp\/v2\/media?parent=129612"}],"wp:term":[{"taxonomy":"category","embeddable":true,"href":"https:\/\/www.blogdothame.blog.br\/v1\/wp-json\/wp\/v2\/categories?post=129612"},{"taxonomy":"post_tag","embeddable":true,"href":"https:\/\/www.blogdothame.blog.br\/v1\/wp-json\/wp\/v2\/tags?post=129612"}],"curies":[{"name":"wp","href":"https:\/\/api.w.org\/{rel}","templated":true}]}}