{"id":129522,"date":"2022-01-10T09:27:33","date_gmt":"2022-01-10T12:27:33","guid":{"rendered":"http:\/\/www.blogdothame.blog.br\/v1\/?p=129522"},"modified":"2022-01-10T09:27:33","modified_gmt":"2022-01-10T12:27:33","slug":"rui-anuncia-atualizacao-de-decreto-com-reducao-de-publico-em-eventos-e-novas-restricoes","status":"publish","type":"post","link":"https:\/\/www.blogdothame.blog.br\/v1\/2022\/01\/10\/rui-anuncia-atualizacao-de-decreto-com-reducao-de-publico-em-eventos-e-novas-restricoes\/","title":{"rendered":"Rui anuncia atualiza\u00e7\u00e3o de decreto com redu\u00e7\u00e3o de p\u00fablico em eventos e novas restri\u00e7\u00f5es"},"content":{"rendered":"<p>O decreto estadual que estabelece as normas para a realiza\u00e7\u00e3o de eventos com a presen\u00e7a de p\u00fablico na Bahia e medidas para conter a dissemina\u00e7\u00e3o da Covid-19 ser\u00e1 atualizado e ter\u00e1 uma nova vers\u00e3o publicada no Di\u00e1rio Oficial desta ter\u00e7a-feira (11).<\/p>\n<p>O governador Rui Costa anunciou que se re\u00fane, ainda nesta segunda-feira (10), com a equipe de governo para definir os detalhes das novas restri\u00e7\u00f5es, mas adiantou que entre as mudan\u00e7as estar\u00e1 a redu\u00e7\u00e3o da capacidade m\u00e1xima de p\u00fablico em eventos em todo o estado, que atualmente \u00e9 de 5 mil pessoas.<\/p>\n<p>As mudan\u00e7as, segundo o governador, s\u00e3o necess\u00e1rias diante do crescimento acelerarado de novos casos de Covid-19. &#8220;Passamos de 4 mil casos ativos; em dezembro, esse n\u00famero estava pr\u00f3ximo de 2 mil. Por isso, precisamos estabelecer novos par\u00e2metros e novas restri\u00e7\u00f5es. Vamos ter que restringir, pois os n\u00fameros dispararam e s\u00e3o 300 pessoas internadas em UTI. O Brasil vive um novo surto e vamos ter que dar um passo atr\u00e1s&#8221;.<\/p>\n<p><!--more--><\/p>\n<p>O an\u00fancio foi feito pelo governador antes de iniciar o evento de assinatura das ordens de servi\u00e7o do novo Hospital Ortop\u00e9dico da Bahia (HOBA) e do Centro de Educa\u00e7\u00e3o, Inova\u00e7\u00e3o e Forma\u00e7\u00e3o da Bahia (Ceinfor), que ser\u00e3o constru\u00eddos no bairro do Cabula, em Salvador.<\/p>\n","protected":false},"excerpt":{"rendered":"<p>O decreto estadual que estabelece as normas para a realiza\u00e7\u00e3o de eventos com a presen\u00e7a de p\u00fablico na Bahia e medidas para conter a dissemina\u00e7\u00e3o da Covid-19 ser\u00e1 atualizado e ter\u00e1 uma nova vers\u00e3o publicada no Di\u00e1rio Oficial desta ter\u00e7a-feira (11). O governador Rui Costa anunciou que se re\u00fane, ainda nesta segunda-feira (10), com a [&hellip;]<\/p>\n","protected":false},"author":2,"featured_media":0,"comment_status":"open","ping_status":"open","sticky":false,"template":"","format":"standard","meta":{"_links_to":"","_links_to_target":""},"categories":[1],"tags":[26839,7534,27546,615],"_links":{"self":[{"href":"https:\/\/www.blogdothame.blog.br\/v1\/wp-json\/wp\/v2\/posts\/129522"}],"collection":[{"href":"https:\/\/www.blogdothame.blog.br\/v1\/wp-json\/wp\/v2\/posts"}],"about":[{"href":"https:\/\/www.blogdothame.blog.br\/v1\/wp-json\/wp\/v2\/types\/post"}],"author":[{"embeddable":true,"href":"https:\/\/www.blogdothame.blog.br\/v1\/wp-json\/wp\/v2\/users\/2"}],"replies":[{"embeddable":true,"href":"https:\/\/www.blogdothame.blog.br\/v1\/wp-json\/wp\/v2\/comments?post=129522"}],"version-history":[{"count":1,"href":"https:\/\/www.blogdothame.blog.br\/v1\/wp-json\/wp\/v2\/posts\/129522\/revisions"}],"predecessor-version":[{"id":129523,"href":"https:\/\/www.blogdothame.blog.br\/v1\/wp-json\/wp\/v2\/posts\/129522\/revisions\/129523"}],"wp:attachment":[{"href":"https:\/\/www.blogdothame.blog.br\/v1\/wp-json\/wp\/v2\/media?parent=129522"}],"wp:term":[{"taxonomy":"category","embeddable":true,"href":"https:\/\/www.blogdothame.blog.br\/v1\/wp-json\/wp\/v2\/categories?post=129522"},{"taxonomy":"post_tag","embeddable":true,"href":"https:\/\/www.blogdothame.blog.br\/v1\/wp-json\/wp\/v2\/tags?post=129522"}],"curies":[{"name":"wp","href":"https:\/\/api.w.org\/{rel}","templated":true}]}}