{"id":129284,"date":"2022-01-04T14:48:05","date_gmt":"2022-01-04T17:48:05","guid":{"rendered":"http:\/\/www.blogdothame.blog.br\/v1\/?p=129284"},"modified":"2022-01-04T11:52:12","modified_gmt":"2022-01-04T14:52:12","slug":"bispo-de-ilheus-coordena-reuniao-com-caritas-uniao-europeia-unicef-e-adveniat","status":"publish","type":"post","link":"https:\/\/www.blogdothame.blog.br\/v1\/2022\/01\/04\/bispo-de-ilheus-coordena-reuniao-com-caritas-uniao-europeia-unicef-e-adveniat\/","title":{"rendered":"Bispo de Ilh\u00e9us coordena reuni\u00e3o com C\u00e1ritas, Uni\u00e3o Europeia, Unicef e Adveniat"},"content":{"rendered":"<p><a href=\"http:\/\/www.blogdothame.blog.br\/v1\/wp-content\/uploads\/2022\/01\/caritas-4.jpeg\"><img loading=\"lazy\" class=\"aligncenter size-medium wp-image-129286\" src=\"http:\/\/www.blogdothame.blog.br\/v1\/wp-content\/uploads\/2022\/01\/caritas-4-300x200.jpeg\" alt=\"caritas (4)\" width=\"300\" height=\"200\" srcset=\"https:\/\/www.blogdothame.blog.br\/v1\/wp-content\/uploads\/2022\/01\/caritas-4-300x200.jpeg 300w, https:\/\/www.blogdothame.blog.br\/v1\/wp-content\/uploads\/2022\/01\/caritas-4.jpeg 512w\" sizes=\"(max-width: 300px) 100vw, 300px\" \/><\/a>\u201cHoje o sol despontou cedo. Que os seus raios de calor tragam a esperan\u00e7a da reconstru\u00e7\u00e3o e do recome\u00e7o\u201d. A frase \u00e9 de Eliodoro Santiago em frente \u00e0 barraca onde vendia tempero verde na feira do Malhado, em Ilh\u00e9us. A sua casa e a pequena horta\u00a0que abasteciam o seu neg\u00f3cio,\u00a0situada nas imedia\u00e7\u00f5es do distrito rural de Sambaituba,\u00a0 n\u00e3o existem mais, foram levadas pela enxurrada do Rio Almada. \u201csobrou \u00e0 vida, minha e da patroa, pela Gra\u00e7a de nosso Senhor Jesus Cristo,\u201d bendiz o agricultor\/feirante.<\/p>\n<p><a href=\"http:\/\/www.blogdothame.blog.br\/v1\/wp-content\/uploads\/2022\/01\/caritas-3.jpeg\"><img loading=\"lazy\" class=\"alignright size-medium wp-image-129285\" src=\"http:\/\/www.blogdothame.blog.br\/v1\/wp-content\/uploads\/2022\/01\/caritas-3-300x200.jpeg\" alt=\"caritas (3)\" width=\"300\" height=\"200\" srcset=\"https:\/\/www.blogdothame.blog.br\/v1\/wp-content\/uploads\/2022\/01\/caritas-3-300x200.jpeg 300w, https:\/\/www.blogdothame.blog.br\/v1\/wp-content\/uploads\/2022\/01\/caritas-3.jpeg 512w\" sizes=\"(max-width: 300px) 100vw, 300px\" \/><\/a>Eliodoro e sua esposa est\u00e3o entre centenas de desalojados e desabrigados pelas enchentes nas cidades do sul da Bahia. Com as \u00e1guas voltando aos leitos dos rios, o cen\u00e1rio \u00e9 desolador. Nas ruas que existiam \u00e0s margens do Rio Cachoeira, nos bairros Banco, da Vitoria, Vila Cachoeira e Salobrinho, amontoam-se lixo, m\u00f3veis, eletrodom\u00e9sticos e poucos vest\u00edgios de alvenarias ou funda\u00e7\u00f5es das antigas casas.<\/p>\n<p>Mas, em meio a esse cen\u00e1rio de caos dom Giovani Crippa, bispo da Diocese de Ilh\u00e9us, coordenou, na manh\u00e3 desta segunda-feira (3 de janeiro), uma reuni\u00e3o com membros da Confer\u00eancia Nacional dos Bispos do Brasil (CNBB), da C\u00e1ritas Brasileira do especialista para Emerg\u00eancias R\u00e1pidas da ECHO\/Uni\u00e3o Europeia para as Am\u00e9ricas, Roman Maicher, e a gestora do Programa Brasil da C\u00e1ritas Su\u00ed\u00e7a, Valqu\u00edria Lima.<\/p>\n<p><!--more--><\/p>\n<p><a href=\"http:\/\/www.blogdothame.blog.br\/v1\/wp-content\/uploads\/2022\/01\/caritas-2.jpeg\"><img loading=\"lazy\" class=\"alignright size-medium wp-image-129287\" src=\"http:\/\/www.blogdothame.blog.br\/v1\/wp-content\/uploads\/2022\/01\/caritas-2-300x200.jpeg\" alt=\"caritas (2)\" width=\"300\" height=\"200\" srcset=\"https:\/\/www.blogdothame.blog.br\/v1\/wp-content\/uploads\/2022\/01\/caritas-2-300x200.jpeg 300w, https:\/\/www.blogdothame.blog.br\/v1\/wp-content\/uploads\/2022\/01\/caritas-2.jpeg 512w\" sizes=\"(max-width: 300px) 100vw, 300px\" \/><\/a>A reuni\u00e3o contou com a presen\u00e7a de v\u00e1rios padres, di\u00e1conos, leigos, representantes do poder p\u00fablico como vice-prefeito de Ilh\u00e9us Bebeto Galv\u00e3o, dos vereadores Cl\u00e1udio Magalh\u00e3es e Nerival Reis, al\u00e9m de secret\u00e1rios municipais, foi realizada no sal\u00e3o paroquial da Igreja S\u00e3o Jo\u00e3o Batista, no Pontal. Os organismos internacionais est\u00e3o mobilizados, junto \u00e0s par\u00f3quias, entidades parceiras e aos Poderes P\u00fablicos dos munic\u00edpios e do Estado, para socorrer as fam\u00edlias atingidas pelas fortes chuvas.<\/p>\n<p>Ap\u00f3s a reuni\u00e3o a comitiva visitou comunidades atingidas no munic\u00edpio de Ilh\u00e9us, e at\u00e9 dia 8 de janeiro, v\u00e3o percorrer as cidades de Itabuna, Itaju\u00edpe, Ibicar\u00ed, Floresta Azul, Teixeira de Freitas, Medeiros Neto e Itamaraju para visualizar o impacto das enchentes na regi\u00e3o.<\/p>\n<p><a href=\"http:\/\/www.blogdothame.blog.br\/v1\/wp-content\/uploads\/2022\/01\/caritas-1.jpeg\"><img loading=\"lazy\" class=\"alignleft size-medium wp-image-129288\" src=\"http:\/\/www.blogdothame.blog.br\/v1\/wp-content\/uploads\/2022\/01\/caritas-1-300x200.jpeg\" alt=\"caritas (1)\" width=\"300\" height=\"200\" srcset=\"https:\/\/www.blogdothame.blog.br\/v1\/wp-content\/uploads\/2022\/01\/caritas-1-300x200.jpeg 300w, https:\/\/www.blogdothame.blog.br\/v1\/wp-content\/uploads\/2022\/01\/caritas-1.jpeg 640w\" sizes=\"(max-width: 300px) 100vw, 300px\" \/><\/a>\u201c\u00c9 a solidariedade que transborda. Todos os organismos juntos, o Poder Publico fazendo a sua parte e de forma articulada munic\u00edpios, Estado objetivando atender as necessidades da popula\u00e7\u00e3o atingida pelas chuvas. Atrav\u00e9s da C\u00e1ritas, Adveniat e ECHO\/Uni\u00e3o Europeia pretendemos que essa ajuda chegue r\u00e1pido. Algumas Fam\u00edlias v\u00e3o receber um cart\u00e3o \u2018Cart\u00e3o Multipropostas\u2019 com uma pequena quantia em dinheiro para que possam atender as suas necessidades pessoais e urgentes\u201d, anunciou o bispo diocesano dom Giovani Crippa.<\/p>\n<p>De acordo com a \u00faltima atualiza\u00e7\u00e3o da Superintend\u00eancia de Prote\u00e7\u00e3o e Defesa Civil da Bahia (Sudec), j\u00e1 s\u00e3o 37.324 desabrigados, 53.934 desalojados, 24 mortos e 434 feridos. O n\u00famero total de atingidos chega a 629.398 pessoas, em toda regi\u00e3o<\/p>\n<p>&nbsp;<\/p>\n","protected":false},"excerpt":{"rendered":"<p>\u201cHoje o sol despontou cedo. Que os seus raios de calor tragam a esperan\u00e7a da reconstru\u00e7\u00e3o e do recome\u00e7o\u201d. A frase \u00e9 de Eliodoro Santiago em frente \u00e0 barraca onde vendia tempero verde na feira do Malhado, em Ilh\u00e9us. A sua casa e a pequena horta\u00a0que abasteciam o seu neg\u00f3cio,\u00a0situada nas imedia\u00e7\u00f5es do distrito rural [&hellip;]<\/p>\n","protected":false},"author":2,"featured_media":0,"comment_status":"open","ping_status":"open","sticky":false,"template":"","format":"standard","meta":{"_links_to":"","_links_to_target":""},"categories":[1],"tags":[31894,31893,1389,1930,8192,21097],"_links":{"self":[{"href":"https:\/\/www.blogdothame.blog.br\/v1\/wp-json\/wp\/v2\/posts\/129284"}],"collection":[{"href":"https:\/\/www.blogdothame.blog.br\/v1\/wp-json\/wp\/v2\/posts"}],"about":[{"href":"https:\/\/www.blogdothame.blog.br\/v1\/wp-json\/wp\/v2\/types\/post"}],"author":[{"embeddable":true,"href":"https:\/\/www.blogdothame.blog.br\/v1\/wp-json\/wp\/v2\/users\/2"}],"replies":[{"embeddable":true,"href":"https:\/\/www.blogdothame.blog.br\/v1\/wp-json\/wp\/v2\/comments?post=129284"}],"version-history":[{"count":1,"href":"https:\/\/www.blogdothame.blog.br\/v1\/wp-json\/wp\/v2\/posts\/129284\/revisions"}],"predecessor-version":[{"id":129289,"href":"https:\/\/www.blogdothame.blog.br\/v1\/wp-json\/wp\/v2\/posts\/129284\/revisions\/129289"}],"wp:attachment":[{"href":"https:\/\/www.blogdothame.blog.br\/v1\/wp-json\/wp\/v2\/media?parent=129284"}],"wp:term":[{"taxonomy":"category","embeddable":true,"href":"https:\/\/www.blogdothame.blog.br\/v1\/wp-json\/wp\/v2\/categories?post=129284"},{"taxonomy":"post_tag","embeddable":true,"href":"https:\/\/www.blogdothame.blog.br\/v1\/wp-json\/wp\/v2\/tags?post=129284"}],"curies":[{"name":"wp","href":"https:\/\/api.w.org\/{rel}","templated":true}]}}