{"id":128762,"date":"2021-12-22T11:44:16","date_gmt":"2021-12-22T14:44:16","guid":{"rendered":"http:\/\/www.blogdothame.blog.br\/v1\/?p=128762"},"modified":"2021-12-22T11:44:16","modified_gmt":"2021-12-22T14:44:16","slug":"mutirao-de-daps-atende-agricultores-familiares-em-canavieiras","status":"publish","type":"post","link":"https:\/\/www.blogdothame.blog.br\/v1\/2021\/12\/22\/mutirao-de-daps-atende-agricultores-familiares-em-canavieiras\/","title":{"rendered":"Mutir\u00e3o de DAP&#8217;s atende agricultores familiares em  Canavieiras"},"content":{"rendered":"<p><a href=\"http:\/\/www.blogdothame.blog.br\/v1\/wp-content\/uploads\/2021\/12\/daps-1.jpg\"><img loading=\"lazy\" class=\"aligncenter size-medium wp-image-128765\" src=\"http:\/\/www.blogdothame.blog.br\/v1\/wp-content\/uploads\/2021\/12\/daps-1-300x225.jpg\" alt=\"daps (1)\" width=\"300\" height=\"225\" srcset=\"https:\/\/www.blogdothame.blog.br\/v1\/wp-content\/uploads\/2021\/12\/daps-1-300x225.jpg 300w, https:\/\/www.blogdothame.blog.br\/v1\/wp-content\/uploads\/2021\/12\/daps-1-400x300.jpg 400w, https:\/\/www.blogdothame.blog.br\/v1\/wp-content\/uploads\/2021\/12\/daps-1.jpg 512w\" sizes=\"(max-width: 300px) 100vw, 300px\" \/><\/a><\/p>\n<p>Acontece at\u00e9 sexta-feira (23) uma a\u00e7\u00e3o do Governo do Estado organizada e articulada pelo Instituto ECOBAHIA em parceria com a Prefeitura Municipal de Canavieiras atrav\u00e9s da Secretaria Municipal de Agricultura, Meio Ambiente e Pesca. O objetivo \u00a0\u00e9 agilizar o fornecimento de Declara\u00e7\u00f5es de Aptid\u00e3o ao Pronaf- DAPs.<\/p>\n<p>&nbsp;<\/p>\n<p>&nbsp;<\/p>\n<p>Duas equipes t\u00e9cnicas e \u00a0coordenador do SETAF Litoral Sul\u00a0 atender\u00e3o \u00a0em Ouricanas, Puxim e na sede da Secretaria das 09:00 as 17:00 nesta quinta e sexta feira.<\/p>\n<p><a href=\"http:\/\/www.blogdothame.blog.br\/v1\/wp-content\/uploads\/2021\/12\/daps-21.jpg\"><img loading=\"lazy\" class=\"aligncenter size-medium wp-image-128764\" src=\"http:\/\/www.blogdothame.blog.br\/v1\/wp-content\/uploads\/2021\/12\/daps-21-300x225.jpg\" alt=\"daps (2)\" width=\"300\" height=\"225\" srcset=\"https:\/\/www.blogdothame.blog.br\/v1\/wp-content\/uploads\/2021\/12\/daps-21-300x225.jpg 300w, https:\/\/www.blogdothame.blog.br\/v1\/wp-content\/uploads\/2021\/12\/daps-21-400x300.jpg 400w, https:\/\/www.blogdothame.blog.br\/v1\/wp-content\/uploads\/2021\/12\/daps-21.jpg 512w\" sizes=\"(max-width: 300px) 100vw, 300px\" \/><\/a><br \/>\n&#8221; Estamos muito preocupados com a situa\u00e7\u00e3o provocada pelas chuvas em Canavieiras e o secret\u00e1rio de Desenvolvimento Rural Josias Gomes \u00a0determinou que a as entidades de ATER cheguem \u00e1s \u00e1reas atingidas, \u00a0promovendo pol\u00edticas p\u00fablicas e a\u00e7\u00f5es que visem cooperar com as fam\u00edlias de agricultores afetadas pelas enchentes\u201d, declarou Adi Lira do ECOBAHIA.<br \/>\n&nbsp;<\/p>\n<p>O Instituto ECOBAHIA, a Prefeitura Municipal de Canaveiras atrav\u00e9s da \u00a0Secretaria de Agricultura, Meio Ambiente e Pesca, o Cons\u00f3rcio Intermunicipal da Mata Atlantica-CIMA, a BAHIATER, a SDR formaram parceria para atendimento em v\u00e1rios munic\u00edpios do cons\u00f3rcio, Canavieiras j\u00e1 recebe essa a\u00e7\u00e3o pela segunda vez.<\/p>\n<p>&nbsp;<\/p>\n","protected":false},"excerpt":{"rendered":"<p>Acontece at\u00e9 sexta-feira (23) uma a\u00e7\u00e3o do Governo do Estado organizada e articulada pelo Instituto ECOBAHIA em parceria com a Prefeitura Municipal de Canavieiras atrav\u00e9s da Secretaria Municipal de Agricultura, Meio Ambiente e Pesca. O objetivo \u00a0\u00e9 agilizar o fornecimento de Declara\u00e7\u00f5es de Aptid\u00e3o ao Pronaf- DAPs. &nbsp; &nbsp; Duas equipes t\u00e9cnicas e \u00a0coordenador do [&hellip;]<\/p>\n","protected":false},"author":2,"featured_media":0,"comment_status":"open","ping_status":"open","sticky":false,"template":"","format":"standard","meta":{"_links_to":"","_links_to_target":""},"categories":[1],"tags":[15422,87,29163,17553],"_links":{"self":[{"href":"https:\/\/www.blogdothame.blog.br\/v1\/wp-json\/wp\/v2\/posts\/128762"}],"collection":[{"href":"https:\/\/www.blogdothame.blog.br\/v1\/wp-json\/wp\/v2\/posts"}],"about":[{"href":"https:\/\/www.blogdothame.blog.br\/v1\/wp-json\/wp\/v2\/types\/post"}],"author":[{"embeddable":true,"href":"https:\/\/www.blogdothame.blog.br\/v1\/wp-json\/wp\/v2\/users\/2"}],"replies":[{"embeddable":true,"href":"https:\/\/www.blogdothame.blog.br\/v1\/wp-json\/wp\/v2\/comments?post=128762"}],"version-history":[{"count":1,"href":"https:\/\/www.blogdothame.blog.br\/v1\/wp-json\/wp\/v2\/posts\/128762\/revisions"}],"predecessor-version":[{"id":128766,"href":"https:\/\/www.blogdothame.blog.br\/v1\/wp-json\/wp\/v2\/posts\/128762\/revisions\/128766"}],"wp:attachment":[{"href":"https:\/\/www.blogdothame.blog.br\/v1\/wp-json\/wp\/v2\/media?parent=128762"}],"wp:term":[{"taxonomy":"category","embeddable":true,"href":"https:\/\/www.blogdothame.blog.br\/v1\/wp-json\/wp\/v2\/categories?post=128762"},{"taxonomy":"post_tag","embeddable":true,"href":"https:\/\/www.blogdothame.blog.br\/v1\/wp-json\/wp\/v2\/tags?post=128762"}],"curies":[{"name":"wp","href":"https:\/\/api.w.org\/{rel}","templated":true}]}}