{"id":126933,"date":"2021-11-17T05:25:29","date_gmt":"2021-11-17T08:25:29","guid":{"rendered":"http:\/\/www.blogdothame.blog.br\/v1\/?p=126933"},"modified":"2021-11-16T18:28:12","modified_gmt":"2021-11-16T21:28:12","slug":"em-ilheus-governador-rui-costa-entrega-tres-veiculos-para-a-biofabrica-da-bahia","status":"publish","type":"post","link":"https:\/\/www.blogdothame.blog.br\/v1\/2021\/11\/17\/em-ilheus-governador-rui-costa-entrega-tres-veiculos-para-a-biofabrica-da-bahia\/","title":{"rendered":"Em Ilh\u00e9us, governador Rui Costa entrega tr\u00eas ve\u00edculos para a Biof\u00e1brica da Bahia"},"content":{"rendered":"<p><a href=\"http:\/\/www.blogdothame.blog.br\/v1\/wp-content\/uploads\/2021\/11\/Foto-Mariana-Ferreira-Biof\u00e1brica-da-Bahia-1.jpeg\"><img loading=\"lazy\" class=\"aligncenter size-medium wp-image-126935\" src=\"http:\/\/www.blogdothame.blog.br\/v1\/wp-content\/uploads\/2021\/11\/Foto-Mariana-Ferreira-Biof\u00e1brica-da-Bahia-1-300x200.jpeg\" alt=\"Foto Mariana Ferreira - Biof\u00e1brica da Bahia (1)\" width=\"300\" height=\"200\" srcset=\"https:\/\/www.blogdothame.blog.br\/v1\/wp-content\/uploads\/2021\/11\/Foto-Mariana-Ferreira-Biof\u00e1brica-da-Bahia-1-300x200.jpeg 300w, https:\/\/www.blogdothame.blog.br\/v1\/wp-content\/uploads\/2021\/11\/Foto-Mariana-Ferreira-Biof\u00e1brica-da-Bahia-1-1024x684.jpeg 1024w, https:\/\/www.blogdothame.blog.br\/v1\/wp-content\/uploads\/2021\/11\/Foto-Mariana-Ferreira-Biof\u00e1brica-da-Bahia-1.jpeg 1280w\" sizes=\"(max-width: 300px) 100vw, 300px\" \/><\/a>O governador Rui Costa realizou a entrega de tr\u00eas ve\u00edculos novos para a Biof\u00e1brica da Bahia na manh\u00e3 desta ter\u00e7a-feira (16). O ato aconteceu durante agenda do governador no munic\u00edpio de Ilh\u00e9us, Litoral Sul. \u201cA Biof\u00e1brica \u00e9 uma refer\u00eancia para a agricultura familiar e n\u00f3s entregamos aqui tr\u00eas ve\u00edculos para ajudar no trabalho e na distribui\u00e7\u00e3o de mudas aqui no Litoral Sul e na Bahia\u201d, destaca Rui Costa.<\/p>\n<p><a href=\"http:\/\/www.blogdothame.blog.br\/v1\/wp-content\/uploads\/2021\/11\/Foto-Mariana-Ferreira-Biof\u00e1brica-da-Bahia-3.jpeg\"><img loading=\"lazy\" class=\"alignleft size-medium wp-image-126934\" src=\"http:\/\/www.blogdothame.blog.br\/v1\/wp-content\/uploads\/2021\/11\/Foto-Mariana-Ferreira-Biof\u00e1brica-da-Bahia-3-282x300.jpeg\" alt=\"Foto Mariana Ferreira - Biof\u00e1brica da Bahia (3)\" width=\"282\" height=\"300\" srcset=\"https:\/\/www.blogdothame.blog.br\/v1\/wp-content\/uploads\/2021\/11\/Foto-Mariana-Ferreira-Biof\u00e1brica-da-Bahia-3-282x300.jpeg 282w, https:\/\/www.blogdothame.blog.br\/v1\/wp-content\/uploads\/2021\/11\/Foto-Mariana-Ferreira-Biof\u00e1brica-da-Bahia-3.jpeg 805w\" sizes=\"(max-width: 282px) 100vw, 282px\" \/><\/a>Os ve\u00edculos foram destinados ao instituto por meio de emenda parlamentar do ex-deputado Bebeto Galv\u00e3o, em conjunto com a Companhia de Desenvolvimento e A\u00e7\u00e3o Regional (CAR), vinculada \u00e0 Secretaria de Desenvolvimento Rural.<\/p>\n<p>\u201c\u00c9 uma alegria enorme ter designado uma emenda para a compra desses tr\u00eas carros que n\u00f3s estamos, hoje, entregando juntamente com o governador Rui para a Biof\u00e1brica. A Biof\u00e1brica \u00e9 um patrim\u00f4nio agroflorestal na nossa regi\u00e3o, fundamental para a nossa economia do cacau, para a produ\u00e7\u00e3o de mudas de fruticultura. Portanto, entregar esses carros representa dotar a Biof\u00e1brica de uma infraestrutura capaz de atender melhor o pequeno e m\u00e9dio produtor rural\u201d, afirma Bebeto Galv\u00e3o.<\/p>\n<p>&nbsp;<\/p>\n<p>\u201cAgradecemos ao nosso companheiro Bebeto pela sensibilidade e responsabilidade que o mandato teve e tem com a regi\u00e3o cacaueira, com a agricultura da Bahia. Muito obrigado pelo reconhecimento \u00e0 nossa Biof\u00e1brica tamb\u00e9m ao governador Rui Costa\u201d, finaliza o diretor-presidente da Biof\u00e1brica, Jackson Moreira.<\/p>\n","protected":false},"excerpt":{"rendered":"<p>O governador Rui Costa realizou a entrega de tr\u00eas ve\u00edculos novos para a Biof\u00e1brica da Bahia na manh\u00e3 desta ter\u00e7a-feira (16). O ato aconteceu durante agenda do governador no munic\u00edpio de Ilh\u00e9us, Litoral Sul. \u201cA Biof\u00e1brica \u00e9 uma refer\u00eancia para a agricultura familiar e n\u00f3s entregamos aqui tr\u00eas ve\u00edculos para ajudar no trabalho e na [&hellip;]<\/p>\n","protected":false},"author":2,"featured_media":0,"comment_status":"open","ping_status":"open","sticky":false,"template":"","format":"standard","meta":{"_links_to":"","_links_to_target":""},"categories":[1],"tags":[26065,615,18049],"_links":{"self":[{"href":"https:\/\/www.blogdothame.blog.br\/v1\/wp-json\/wp\/v2\/posts\/126933"}],"collection":[{"href":"https:\/\/www.blogdothame.blog.br\/v1\/wp-json\/wp\/v2\/posts"}],"about":[{"href":"https:\/\/www.blogdothame.blog.br\/v1\/wp-json\/wp\/v2\/types\/post"}],"author":[{"embeddable":true,"href":"https:\/\/www.blogdothame.blog.br\/v1\/wp-json\/wp\/v2\/users\/2"}],"replies":[{"embeddable":true,"href":"https:\/\/www.blogdothame.blog.br\/v1\/wp-json\/wp\/v2\/comments?post=126933"}],"version-history":[{"count":1,"href":"https:\/\/www.blogdothame.blog.br\/v1\/wp-json\/wp\/v2\/posts\/126933\/revisions"}],"predecessor-version":[{"id":126936,"href":"https:\/\/www.blogdothame.blog.br\/v1\/wp-json\/wp\/v2\/posts\/126933\/revisions\/126936"}],"wp:attachment":[{"href":"https:\/\/www.blogdothame.blog.br\/v1\/wp-json\/wp\/v2\/media?parent=126933"}],"wp:term":[{"taxonomy":"category","embeddable":true,"href":"https:\/\/www.blogdothame.blog.br\/v1\/wp-json\/wp\/v2\/categories?post=126933"},{"taxonomy":"post_tag","embeddable":true,"href":"https:\/\/www.blogdothame.blog.br\/v1\/wp-json\/wp\/v2\/tags?post=126933"}],"curies":[{"name":"wp","href":"https:\/\/api.w.org\/{rel}","templated":true}]}}