{"id":123198,"date":"2021-08-31T18:30:28","date_gmt":"2021-08-31T21:30:28","guid":{"rendered":"http:\/\/www.blogdothame.blog.br\/v1\/?p=123198"},"modified":"2021-08-31T18:07:55","modified_gmt":"2021-08-31T21:07:55","slug":"cronicas-de-mima-um-livro-indispensavel","status":"publish","type":"post","link":"https:\/\/www.blogdothame.blog.br\/v1\/2021\/08\/31\/cronicas-de-mima-um-livro-indispensavel\/","title":{"rendered":"\u201cCr\u00f4nicas de Mima\u201d, um livro indispens\u00e1vel"},"content":{"rendered":"<p>Um livro para ser lido e relido, em que a suavidade das cr\u00f4nicas contrasta com a profundidade da mensagem. Assim \u00e9 o livro \u201cCr\u00f4nicas de Mima\u201d, lan\u00e7ado pela Editora Mondrongo. A autora, Maria Adilma Vilela de Almeida, a Mima, apresenta textos que podem ser como um forte senso de honestidade e respeito com o pr\u00f3ximo, mesclados de um senso de humor no m\u00ednimo invej\u00e1vel. \u201c A leveza ao tratar os desafios da vida, muitas vezes com risadas contagiantes e espantosamente duradouras, nos despertam uma imensa curiosidade pelos seus escritos, diz o pref\u00e1cio da obra.<\/p>\n<p>Nesta entrevista ao site Mural do Oeste, de Barreiras, Adilma fala sobre o livro e sua experi\u00eancia de vida, que salta das cr\u00f4nicas para o dia a dia das pessoas.<\/p>\n<p>Confira<\/p>\n<p><iframe loading=\"lazy\" title=\"YouTube video player\" src=\"https:\/\/www.youtube.com\/embed\/bj8VS7J6hdk\" width=\"560\" height=\"315\" frameborder=\"0\" allowfullscreen=\"allowfullscreen\"><\/iframe><\/p>\n<p><a href=\"http:\/\/www.blogdothame.blog.br\/v1\/wp-content\/uploads\/2021\/08\/cronica-de-mima.jpg\"><img loading=\"lazy\" class=\"aligncenter size-medium wp-image-122451\" src=\"http:\/\/www.blogdothame.blog.br\/v1\/wp-content\/uploads\/2021\/08\/cronica-de-mima-211x300.jpg\" alt=\"cronica de mima\" width=\"211\" height=\"300\" srcset=\"https:\/\/www.blogdothame.blog.br\/v1\/wp-content\/uploads\/2021\/08\/cronica-de-mima-211x300.jpg 211w, https:\/\/www.blogdothame.blog.br\/v1\/wp-content\/uploads\/2021\/08\/cronica-de-mima.jpg 600w\" sizes=\"(max-width: 211px) 100vw, 211px\" \/><\/a><\/p>\n<p>O livro pode ser adquirido atrav\u00e9s do site<br \/>\nhttps:\/\/www.editoramondrongo.com.br\/<br \/>\ninstagram @adilma_vilela<br \/>\nfacebook Adilma Vilela<\/p>\n","protected":false},"excerpt":{"rendered":"<p>Um livro para ser lido e relido, em que a suavidade das cr\u00f4nicas contrasta com a profundidade da mensagem. Assim \u00e9 o livro \u201cCr\u00f4nicas de Mima\u201d, lan\u00e7ado pela Editora Mondrongo. A autora, Maria Adilma Vilela de Almeida, a Mima, apresenta textos que podem ser como um forte senso de honestidade e respeito com o pr\u00f3ximo, [&hellip;]<\/p>\n","protected":false},"author":2,"featured_media":0,"comment_status":"open","ping_status":"open","sticky":false,"template":"","format":"standard","meta":{"_links_to":"","_links_to_target":""},"categories":[1],"tags":[937,30974,30813],"_links":{"self":[{"href":"https:\/\/www.blogdothame.blog.br\/v1\/wp-json\/wp\/v2\/posts\/123198"}],"collection":[{"href":"https:\/\/www.blogdothame.blog.br\/v1\/wp-json\/wp\/v2\/posts"}],"about":[{"href":"https:\/\/www.blogdothame.blog.br\/v1\/wp-json\/wp\/v2\/types\/post"}],"author":[{"embeddable":true,"href":"https:\/\/www.blogdothame.blog.br\/v1\/wp-json\/wp\/v2\/users\/2"}],"replies":[{"embeddable":true,"href":"https:\/\/www.blogdothame.blog.br\/v1\/wp-json\/wp\/v2\/comments?post=123198"}],"version-history":[{"count":3,"href":"https:\/\/www.blogdothame.blog.br\/v1\/wp-json\/wp\/v2\/posts\/123198\/revisions"}],"predecessor-version":[{"id":123211,"href":"https:\/\/www.blogdothame.blog.br\/v1\/wp-json\/wp\/v2\/posts\/123198\/revisions\/123211"}],"wp:attachment":[{"href":"https:\/\/www.blogdothame.blog.br\/v1\/wp-json\/wp\/v2\/media?parent=123198"}],"wp:term":[{"taxonomy":"category","embeddable":true,"href":"https:\/\/www.blogdothame.blog.br\/v1\/wp-json\/wp\/v2\/categories?post=123198"},{"taxonomy":"post_tag","embeddable":true,"href":"https:\/\/www.blogdothame.blog.br\/v1\/wp-json\/wp\/v2\/tags?post=123198"}],"curies":[{"name":"wp","href":"https:\/\/api.w.org\/{rel}","templated":true}]}}