{"id":122405,"date":"2021-08-16T16:50:48","date_gmt":"2021-08-16T19:50:48","guid":{"rendered":"http:\/\/www.blogdothame.blog.br\/v1\/?p=122405"},"modified":"2021-08-16T16:51:25","modified_gmt":"2021-08-16T19:51:25","slug":"secretaria-de-planejamento-destaca-curso-de-formacao-e-associativismo-dos-catadores","status":"publish","type":"post","link":"https:\/\/www.blogdothame.blog.br\/v1\/2021\/08\/16\/secretaria-de-planejamento-destaca-curso-de-formacao-e-associativismo-dos-catadores\/","title":{"rendered":"Secret\u00e1ria de Planejamento destaca curso de forma\u00e7\u00e3o e associativismo dos catadores"},"content":{"rendered":"<p><a href=\"http:\/\/www.blogdothame.blog.br\/v1\/wp-content\/uploads\/2021\/08\/cata-3.jpg\"><img loading=\"lazy\" class=\"alignright size-medium wp-image-122406\" src=\"http:\/\/www.blogdothame.blog.br\/v1\/wp-content\/uploads\/2021\/08\/cata-3-300x225.jpg\" alt=\"cata 3\" width=\"300\" height=\"225\" srcset=\"https:\/\/www.blogdothame.blog.br\/v1\/wp-content\/uploads\/2021\/08\/cata-3-300x225.jpg 300w, https:\/\/www.blogdothame.blog.br\/v1\/wp-content\/uploads\/2021\/08\/cata-3.jpg 523w\" sizes=\"(max-width: 300px) 100vw, 300px\" \/><\/a>\u201cSem essa capacita\u00e7\u00e3o dos catadores n\u00e3o teria sido poss\u00edvel a cria\u00e7\u00e3o da Associa\u00e7\u00e3o Itabuna Recicla para Viver Melhor e a coleta seletiva. Tudo come\u00e7a aqui. Os dois meses antecedentes foram de planejamento, quando n\u00f3s da Prefeitura de Itabuna criamos uma equipe multidisciplinar para chegar a esse momento\u201d. A declara\u00e7\u00e3o \u00e9 da secret\u00e1ria municipal de Planejamento, S\u00f4nia Fontes, na abertura do o 1\u00ba Semin\u00e1rio de Capacita\u00e7\u00e3o e Forma\u00e7\u00e3o dos Catadores de Materiais Recicl\u00e1veis de Itabuna na AABB.<\/p>\n<p>Para a secret\u00e1ria, a partir da conclus\u00e3o do 1\u00ba evento, os catadores ter\u00e3o um 2\u00ba Semin\u00e1rio de Forma\u00e7\u00e3o Executiva para que o associativismo seja fortalecido para a boa gest\u00e3o da Associa\u00e7\u00e3o Itabuna Recicla. \u201cEnt\u00e3o, sem a Associa\u00e7\u00e3o n\u00e3o haveria a menor ideia de se ter coleta seletiva na cidade\u201d, acrescentou, destacando que pelo projeto haver\u00e1 a triagem de coleta de lixo urbano, com uma estrutura que est\u00e1 sendo executada e adaptada, o que inclui galp\u00e3o e plano de instala\u00e7\u00e3o de 10 ecopontos na cidade.<\/p>\n<p><!--more--><\/p>\n<p>O presidente da Associa\u00e7\u00e3o Itabuna Recicla para Viver Melhor, \u00c9merson Ferreira Santos, afirmou que a realiza\u00e7\u00e3o do semin\u00e1rio pela Prefeitura em parceria com a CVR Costa do Cacau e Biosanear \u00e9 uma boa ideia. \u201cA gente tem o aprendizado, mas sempre h\u00e1 espa\u00e7o para se aprender mais. \u00c9 o que a gente veio buscar aqui, mais aprendizado para ficar mais especializado nestas novas condi\u00e7\u00f5es que est\u00e3o aparecendo\u201d, declarou.<\/p>\n<p>O l\u00edder dos catadores n\u00e3o escondeu a ansiedade de come\u00e7ar logo a coleta seletiva para que a vida de todos volte \u00e0 normalidade. \u201cEstamos na expectativa de que tudo d\u00ea certo para que a gente volte a funcionar dentro da nova realidade, tudo organizado e perfeito\u201d, finalizou. A presidente do Conselho Municipal de Assist\u00eancia Social, Suse Mayre Azevedo, representou a secret\u00e1ria de Promo\u00e7\u00e3o Social e Combate \u00e0 Pobreza, Andrea Castro, na abertura do Semin\u00e1rio que est\u00e1 sendo realizado entre as 12 e 18 horas e se encerra na sexta-feira.<\/p>\n","protected":false},"excerpt":{"rendered":"<p>\u201cSem essa capacita\u00e7\u00e3o dos catadores n\u00e3o teria sido poss\u00edvel a cria\u00e7\u00e3o da Associa\u00e7\u00e3o Itabuna Recicla para Viver Melhor e a coleta seletiva. Tudo come\u00e7a aqui. Os dois meses antecedentes foram de planejamento, quando n\u00f3s da Prefeitura de Itabuna criamos uma equipe multidisciplinar para chegar a esse momento\u201d. A declara\u00e7\u00e3o \u00e9 da secret\u00e1ria municipal de Planejamento, [&hellip;]<\/p>\n","protected":false},"author":2,"featured_media":0,"comment_status":"open","ping_status":"open","sticky":false,"template":"","format":"standard","meta":{"_links_to":"","_links_to_target":""},"categories":[1],"tags":[30799,30797,30798],"_links":{"self":[{"href":"https:\/\/www.blogdothame.blog.br\/v1\/wp-json\/wp\/v2\/posts\/122405"}],"collection":[{"href":"https:\/\/www.blogdothame.blog.br\/v1\/wp-json\/wp\/v2\/posts"}],"about":[{"href":"https:\/\/www.blogdothame.blog.br\/v1\/wp-json\/wp\/v2\/types\/post"}],"author":[{"embeddable":true,"href":"https:\/\/www.blogdothame.blog.br\/v1\/wp-json\/wp\/v2\/users\/2"}],"replies":[{"embeddable":true,"href":"https:\/\/www.blogdothame.blog.br\/v1\/wp-json\/wp\/v2\/comments?post=122405"}],"version-history":[{"count":1,"href":"https:\/\/www.blogdothame.blog.br\/v1\/wp-json\/wp\/v2\/posts\/122405\/revisions"}],"predecessor-version":[{"id":122407,"href":"https:\/\/www.blogdothame.blog.br\/v1\/wp-json\/wp\/v2\/posts\/122405\/revisions\/122407"}],"wp:attachment":[{"href":"https:\/\/www.blogdothame.blog.br\/v1\/wp-json\/wp\/v2\/media?parent=122405"}],"wp:term":[{"taxonomy":"category","embeddable":true,"href":"https:\/\/www.blogdothame.blog.br\/v1\/wp-json\/wp\/v2\/categories?post=122405"},{"taxonomy":"post_tag","embeddable":true,"href":"https:\/\/www.blogdothame.blog.br\/v1\/wp-json\/wp\/v2\/tags?post=122405"}],"curies":[{"name":"wp","href":"https:\/\/api.w.org\/{rel}","templated":true}]}}