{"id":122372,"date":"2021-08-16T08:44:27","date_gmt":"2021-08-16T11:44:27","guid":{"rendered":"http:\/\/www.blogdothame.blog.br\/v1\/?p=122372"},"modified":"2021-08-16T08:45:26","modified_gmt":"2021-08-16T11:45:26","slug":"itacare-amplia-locais-de-vacinacao-com-escalas-nos-postos-e-zona-rural","status":"publish","type":"post","link":"https:\/\/www.blogdothame.blog.br\/v1\/2021\/08\/16\/itacare-amplia-locais-de-vacinacao-com-escalas-nos-postos-e-zona-rural\/","title":{"rendered":"Itacar\u00e9 amplia locais de vacina\u00e7\u00e3o   com escalas nos postos e zona rural"},"content":{"rendered":"<p><a href=\"http:\/\/www.blogdothame.blog.br\/v1\/wp-content\/uploads\/2021\/08\/vactac.jpeg\"><img loading=\"lazy\" class=\"alignleft size-medium wp-image-122373\" src=\"http:\/\/www.blogdothame.blog.br\/v1\/wp-content\/uploads\/2021\/08\/vactac-300x225.jpeg\" alt=\"vactac\" width=\"300\" height=\"225\" srcset=\"https:\/\/www.blogdothame.blog.br\/v1\/wp-content\/uploads\/2021\/08\/vactac-300x225.jpeg 300w, https:\/\/www.blogdothame.blog.br\/v1\/wp-content\/uploads\/2021\/08\/vactac-1024x768.jpeg 1024w, https:\/\/www.blogdothame.blog.br\/v1\/wp-content\/uploads\/2021\/08\/vactac.jpeg 1280w\" sizes=\"(max-width: 300px) 100vw, 300px\" \/><\/a>A Prefeitura de Itacar\u00e9 continua com o trabalho de imuniza\u00e7\u00e3o contra a Covid-19 para atender a popula\u00e7\u00e3o acima de 18 anos. E ampliou ainda mais a forma de atendimento, com a imuniza\u00e7\u00e3o di\u00e1ria na sede, no distrito de Taboquinhas e com escalas de vacina\u00e7\u00e3o nos postos e na zona rural. Em Itacar\u00e9 o local de vacina\u00e7\u00e3o mudou, passando da Escola Municipal Maria Benjamina para um espa\u00e7o em frente ao col\u00e9gio, no Sindicato Rural. Nesse local o atendimento ser\u00e1 das 8 \u00e0s 12 horas e das 13h30min \u00e0s 16h30min, de segunda a sexta-feira.<\/p>\n<p>&nbsp;<\/p>\n<p>J\u00e1 no distrito de Taboquinhas a vacina\u00e7\u00e3o contra a Covid-19 acontece no posto Maria de Lourdes, de segunda a sexta-feira, das 8 \u00e0s 14 horas. E a vacina\u00e7\u00e3o ser\u00e1 ampliada agora para os demais postos, seguindo a seguinte programa\u00e7\u00e3o: Na segunda-feira ser\u00e1 no posto do bairro da Passagem, ter\u00e7a no posto da Rua da Linha, e sexta-feira nos postos do Bairro Novo e Marambaia. E nos postos da zona rural ser\u00e1 das 8 \u00e0s 12 na segunda-feira no posto do Lia Nascimento e na sexta-feira no posto de \u00c1gua Fria.<\/p>\n<p><!--more--><\/p>\n<p>Paralelo a imuniza\u00e7\u00e3o dessa faixa et\u00e1ria de 18 anos, a Prefeitura de Itacar\u00e9, atrav\u00e9s da Secretaria de Sa\u00fade, tamb\u00e9m vem realizando uma campanha com o objetivo de conscientizar todas as pessoas que tomaram a primeira dose da vacina contra o Covid-19 para a import\u00e2ncia de tomar a segunda dose, como forma de garantir assim uma imuniza\u00e7\u00e3o mais eficaz contra o coronav\u00edrus. A proposta \u00e9 orientar para que todos os que tomaram a primeira dose retornem aos postos de vacina\u00e7\u00e3o nas datas que foram marcadas nos cart\u00f5es.<\/p>\n<p>&nbsp;<\/p>\n<p>&nbsp;<\/p>\n<p>O munic\u00edpio continua sendo destaque na vacina\u00e7\u00e3o contra a Covid-19. At\u00e9 a \u00faltima sexta-feira j\u00e1 haviam sido aplicadas em Itacar\u00e9 17.007 doses da vacina, sendo 13.101 com a primeira dose e vacinadas 3.906 pessoas imunizadas com a segunda dose. Esses n\u00fameros representam 69,93% da popula\u00e7\u00e3o vacinada, conforme dados do Instituto Brasileiro de Geografia e Estat\u00edstica (IBGE).<\/p>\n","protected":false},"excerpt":{"rendered":"<p>A Prefeitura de Itacar\u00e9 continua com o trabalho de imuniza\u00e7\u00e3o contra a Covid-19 para atender a popula\u00e7\u00e3o acima de 18 anos. E ampliou ainda mais a forma de atendimento, com a imuniza\u00e7\u00e3o di\u00e1ria na sede, no distrito de Taboquinhas e com escalas de vacina\u00e7\u00e3o nos postos e na zona rural. Em Itacar\u00e9 o local de [&hellip;]<\/p>\n","protected":false},"author":2,"featured_media":0,"comment_status":"open","ping_status":"open","sticky":false,"template":"","format":"standard","meta":{"_links_to":"","_links_to_target":""},"categories":[1],"tags":[26839,991,278],"_links":{"self":[{"href":"https:\/\/www.blogdothame.blog.br\/v1\/wp-json\/wp\/v2\/posts\/122372"}],"collection":[{"href":"https:\/\/www.blogdothame.blog.br\/v1\/wp-json\/wp\/v2\/posts"}],"about":[{"href":"https:\/\/www.blogdothame.blog.br\/v1\/wp-json\/wp\/v2\/types\/post"}],"author":[{"embeddable":true,"href":"https:\/\/www.blogdothame.blog.br\/v1\/wp-json\/wp\/v2\/users\/2"}],"replies":[{"embeddable":true,"href":"https:\/\/www.blogdothame.blog.br\/v1\/wp-json\/wp\/v2\/comments?post=122372"}],"version-history":[{"count":1,"href":"https:\/\/www.blogdothame.blog.br\/v1\/wp-json\/wp\/v2\/posts\/122372\/revisions"}],"predecessor-version":[{"id":122374,"href":"https:\/\/www.blogdothame.blog.br\/v1\/wp-json\/wp\/v2\/posts\/122372\/revisions\/122374"}],"wp:attachment":[{"href":"https:\/\/www.blogdothame.blog.br\/v1\/wp-json\/wp\/v2\/media?parent=122372"}],"wp:term":[{"taxonomy":"category","embeddable":true,"href":"https:\/\/www.blogdothame.blog.br\/v1\/wp-json\/wp\/v2\/categories?post=122372"},{"taxonomy":"post_tag","embeddable":true,"href":"https:\/\/www.blogdothame.blog.br\/v1\/wp-json\/wp\/v2\/tags?post=122372"}],"curies":[{"name":"wp","href":"https:\/\/api.w.org\/{rel}","templated":true}]}}