{"id":122274,"date":"2021-08-13T11:04:02","date_gmt":"2021-08-13T14:04:02","guid":{"rendered":"http:\/\/www.blogdothame.blog.br\/v1\/?p=122274"},"modified":"2021-08-13T14:07:47","modified_gmt":"2021-08-13T17:07:47","slug":"secretaria-municipal-de-saude-aplica-intercambialidade-para-2a-dose-da-vacinacao","status":"publish","type":"post","link":"https:\/\/www.blogdothame.blog.br\/v1\/2021\/08\/13\/secretaria-municipal-de-saude-aplica-intercambialidade-para-2a-dose-da-vacinacao\/","title":{"rendered":"Secretaria Municipal de Sa\u00fade aplica intercambialidade para 2\u00aa dose da vacina\u00e7\u00e3o"},"content":{"rendered":"<p><a href=\"http:\/\/www.blogdothame.blog.br\/v1\/wp-content\/uploads\/2021\/08\/vacina-pfizer.jpg\"><img loading=\"lazy\" class=\"alignright size-medium wp-image-122275\" src=\"http:\/\/www.blogdothame.blog.br\/v1\/wp-content\/uploads\/2021\/08\/vacina-pfizer-300x179.jpg\" alt=\"vacina pfizer\" width=\"300\" height=\"179\" srcset=\"https:\/\/www.blogdothame.blog.br\/v1\/wp-content\/uploads\/2021\/08\/vacina-pfizer-300x179.jpg 300w, https:\/\/www.blogdothame.blog.br\/v1\/wp-content\/uploads\/2021\/08\/vacina-pfizer-1024x613.jpg 1024w, https:\/\/www.blogdothame.blog.br\/v1\/wp-content\/uploads\/2021\/08\/vacina-pfizer.jpg 1170w\" sizes=\"(max-width: 300px) 100vw, 300px\" \/><\/a>A Secretaria Municipal de Sa\u00fade, por meio da Rede de Frio do Departamento de Vigil\u00e2ncia em Sa\u00fade, divulga intercambialidade para a segunda dose da vacina\u00e7\u00e3o contra a Covid-19 para as gestantes que receberam a primeira aplica\u00e7\u00e3o da vacina Oxford\/AstraZeneca.<\/p>\n<p>Segundo comunicado da Secretaria de Sa\u00fade da Bahia (Sesab), gestantes e pu\u00e9rperas que se imunizaram com a primeira dose da Oxford\/AstraZeneca poder\u00e3o receber a segunda dose da Coronavac ou da Pfizer.<\/p>\n<p>A medida foi aprovada em reuni\u00e3o da Comiss\u00e3o de Intergestores Bipartite (CIB) realizada na ter\u00e7a-feira passada, dia 10, e inclui tamb\u00e9m, as gestantes e pu\u00e9rperas sem fatores de risco. Vale ressaltar\u00a0que \u00e9 preciso seguir o intervalo de 84 dias, inicialmente, recomendado do imunizante da 1\u00aa dose (Oxford).<\/p>\n","protected":false},"excerpt":{"rendered":"<p>A Secretaria Municipal de Sa\u00fade, por meio da Rede de Frio do Departamento de Vigil\u00e2ncia em Sa\u00fade, divulga intercambialidade para a segunda dose da vacina\u00e7\u00e3o contra a Covid-19 para as gestantes que receberam a primeira aplica\u00e7\u00e3o da vacina Oxford\/AstraZeneca. Segundo comunicado da Secretaria de Sa\u00fade da Bahia (Sesab), gestantes e pu\u00e9rperas que se imunizaram com [&hellip;]<\/p>\n","protected":false},"author":2,"featured_media":0,"comment_status":"open","ping_status":"open","sticky":false,"template":"","format":"standard","meta":{"_links_to":"","_links_to_target":""},"categories":[1],"tags":[26839,30784,30785],"_links":{"self":[{"href":"https:\/\/www.blogdothame.blog.br\/v1\/wp-json\/wp\/v2\/posts\/122274"}],"collection":[{"href":"https:\/\/www.blogdothame.blog.br\/v1\/wp-json\/wp\/v2\/posts"}],"about":[{"href":"https:\/\/www.blogdothame.blog.br\/v1\/wp-json\/wp\/v2\/types\/post"}],"author":[{"embeddable":true,"href":"https:\/\/www.blogdothame.blog.br\/v1\/wp-json\/wp\/v2\/users\/2"}],"replies":[{"embeddable":true,"href":"https:\/\/www.blogdothame.blog.br\/v1\/wp-json\/wp\/v2\/comments?post=122274"}],"version-history":[{"count":1,"href":"https:\/\/www.blogdothame.blog.br\/v1\/wp-json\/wp\/v2\/posts\/122274\/revisions"}],"predecessor-version":[{"id":122276,"href":"https:\/\/www.blogdothame.blog.br\/v1\/wp-json\/wp\/v2\/posts\/122274\/revisions\/122276"}],"wp:attachment":[{"href":"https:\/\/www.blogdothame.blog.br\/v1\/wp-json\/wp\/v2\/media?parent=122274"}],"wp:term":[{"taxonomy":"category","embeddable":true,"href":"https:\/\/www.blogdothame.blog.br\/v1\/wp-json\/wp\/v2\/categories?post=122274"},{"taxonomy":"post_tag","embeddable":true,"href":"https:\/\/www.blogdothame.blog.br\/v1\/wp-json\/wp\/v2\/tags?post=122274"}],"curies":[{"name":"wp","href":"https:\/\/api.w.org\/{rel}","templated":true}]}}