{"id":122252,"date":"2021-08-13T09:19:33","date_gmt":"2021-08-13T12:19:33","guid":{"rendered":"http:\/\/www.blogdothame.blog.br\/v1\/?p=122252"},"modified":"2021-08-13T09:19:33","modified_gmt":"2021-08-13T12:19:33","slug":"lancamento-do-livro-das-escritoras-maria-luiza-heine-e-suede-mayne-acontece-nesse-sabado","status":"publish","type":"post","link":"https:\/\/www.blogdothame.blog.br\/v1\/2021\/08\/13\/lancamento-do-livro-das-escritoras-maria-luiza-heine-e-suede-mayne-acontece-nesse-sabado\/","title":{"rendered":"Lan\u00e7amento do livro das escritoras Maria Luiza Heine e Suede Mayne acontece nesse s\u00e1bado"},"content":{"rendered":"<p><a href=\"http:\/\/www.blogdothame.blog.br\/v1\/wp-content\/uploads\/2021\/08\/livro.jpg\"><img loading=\"lazy\" class=\"alignright size-medium wp-image-122253\" src=\"http:\/\/www.blogdothame.blog.br\/v1\/wp-content\/uploads\/2021\/08\/livro-300x279.jpg\" alt=\"livro\" width=\"300\" height=\"279\" srcset=\"https:\/\/www.blogdothame.blog.br\/v1\/wp-content\/uploads\/2021\/08\/livro-300x279.jpg 300w, https:\/\/www.blogdothame.blog.br\/v1\/wp-content\/uploads\/2021\/08\/livro.jpg 447w\" sizes=\"(max-width: 300px) 100vw, 300px\" \/><\/a>Nesse s\u00e1bado, dia 14\/08, \u00e0s 16 horas, ocorre o lan\u00e7amento do livro: \u201cMem\u00f3ria e Hist\u00f3ria: Li\u00e7\u00f5es de Um V\u00edrus Assustador\u201d por meio de live no Instagram: @ml_heine, com apresenta\u00e7\u00e3o do professor Efson Lima. \u00a0O livro \u00e9 uma produ\u00e7\u00e3o conjunta das professoras Maria Luiza Heine e Suede Mayne.<\/p>\n<p>A professora Luiza Heine tem diversos livros publicados. Ela \u00e9 formada em filosofia e doutora em educa\u00e7\u00e3o pela UNEB, com pesquisa no campo da educa\u00e7\u00e3o ambiental. A autora Suede Mayne Pereira Ara\u00fajo \u00e9 formada em servi\u00e7o social. Mestra em educa\u00e7\u00e3o e especialista em sa\u00fade do trabalhador e em Psicodrama, Profissional de Servi\u00e7o Social e atua no Hospital Menandro de Faria e no Instituto Federal da Bahia.<\/p>\n<p>Segundo as autoras, o \u201clivro surgiu como uma express\u00e3o da insatisfa\u00e7\u00e3o pessoal com a vida que estamos\u00a0 vivendo, com as mudan\u00e7as que brotaram a partir do aparecimento da Covid 19 e com a forma como muitas pessoas do pa\u00eds encararam o enfrentamento da pandemia\u201d.<\/p>\n<p>O livro tem pref\u00e1cio do escritor Pawlo Cidade, presidente da Academia de Letras de Ilh\u00e9us e gestor cultural.<\/p>\n<p><!--more--><\/p>\n<p>A obra est\u00e1 sendo comercializada por meio do perfil da escritora Maria Luiza Heine no Instagram, bem como no site da Editora Via Litterarum: https:\/\/viaeditora.com.br\/acervo-literario\/memoria-e-historia-licoes-de-um-virus-assustador\/ no valor de R$ 30,00 mais frete.\u00a0 O livro tamb\u00e9m possui vers\u00e3o em e-book para comercializa\u00e7\u00e3o.<\/p>\n<p>O qu\u00ea: Lan\u00e7amento do\u00a0 \u201cMem\u00f3ria e Hist\u00f3ria: Li\u00e7\u00f5es de Um V\u00edrus Assustador\u201d<\/p>\n<p>Autoras: Maria Luiza Heine e Suede Mayne<\/p>\n<p>Vendas: no Instagram @ml_heine e no site Editora Via Litterarum<\/p>\n","protected":false},"excerpt":{"rendered":"<p>Nesse s\u00e1bado, dia 14\/08, \u00e0s 16 horas, ocorre o lan\u00e7amento do livro: \u201cMem\u00f3ria e Hist\u00f3ria: Li\u00e7\u00f5es de Um V\u00edrus Assustador\u201d por meio de live no Instagram: @ml_heine, com apresenta\u00e7\u00e3o do professor Efson Lima. \u00a0O livro \u00e9 uma produ\u00e7\u00e3o conjunta das professoras Maria Luiza Heine e Suede Mayne. A professora Luiza Heine tem diversos livros publicados. [&hellip;]<\/p>\n","protected":false},"author":2,"featured_media":0,"comment_status":"open","ping_status":"open","sticky":false,"template":"","format":"standard","meta":{"_links_to":"","_links_to_target":""},"categories":[1],"tags":[8200,30777,30778,30779],"_links":{"self":[{"href":"https:\/\/www.blogdothame.blog.br\/v1\/wp-json\/wp\/v2\/posts\/122252"}],"collection":[{"href":"https:\/\/www.blogdothame.blog.br\/v1\/wp-json\/wp\/v2\/posts"}],"about":[{"href":"https:\/\/www.blogdothame.blog.br\/v1\/wp-json\/wp\/v2\/types\/post"}],"author":[{"embeddable":true,"href":"https:\/\/www.blogdothame.blog.br\/v1\/wp-json\/wp\/v2\/users\/2"}],"replies":[{"embeddable":true,"href":"https:\/\/www.blogdothame.blog.br\/v1\/wp-json\/wp\/v2\/comments?post=122252"}],"version-history":[{"count":1,"href":"https:\/\/www.blogdothame.blog.br\/v1\/wp-json\/wp\/v2\/posts\/122252\/revisions"}],"predecessor-version":[{"id":122254,"href":"https:\/\/www.blogdothame.blog.br\/v1\/wp-json\/wp\/v2\/posts\/122252\/revisions\/122254"}],"wp:attachment":[{"href":"https:\/\/www.blogdothame.blog.br\/v1\/wp-json\/wp\/v2\/media?parent=122252"}],"wp:term":[{"taxonomy":"category","embeddable":true,"href":"https:\/\/www.blogdothame.blog.br\/v1\/wp-json\/wp\/v2\/categories?post=122252"},{"taxonomy":"post_tag","embeddable":true,"href":"https:\/\/www.blogdothame.blog.br\/v1\/wp-json\/wp\/v2\/tags?post=122252"}],"curies":[{"name":"wp","href":"https:\/\/api.w.org\/{rel}","templated":true}]}}