{"id":120878,"date":"2021-07-19T18:30:37","date_gmt":"2021-07-19T21:30:37","guid":{"rendered":"http:\/\/www.blogdothame.blog.br\/v1\/?p=120878"},"modified":"2021-07-19T18:30:37","modified_gmt":"2021-07-19T21:30:37","slug":"adolfo-menezes-defende-que-bolsonaro-vete-aprovacao-do-fundao-eleitoral-de-r-57-bilhoes","status":"publish","type":"post","link":"https:\/\/www.blogdothame.blog.br\/v1\/2021\/07\/19\/adolfo-menezes-defende-que-bolsonaro-vete-aprovacao-do-fundao-eleitoral-de-r-57-bilhoes\/","title":{"rendered":"Adolfo Menezes defende que Bolsonaro vete aprova\u00e7\u00e3o do \u201cfund\u00e3o\u201d eleitoral de R$ 5,7 bilh\u00f5es"},"content":{"rendered":"<p><a href=\"http:\/\/www.blogdothame.blog.br\/v1\/wp-content\/uploads\/2021\/03\/adolfo-m1.jpg\"><img loading=\"lazy\" class=\"alignright size-medium wp-image-115126\" src=\"http:\/\/www.blogdothame.blog.br\/v1\/wp-content\/uploads\/2021\/03\/adolfo-m1-300x200.jpg\" alt=\"adolfo m\" width=\"300\" height=\"200\" srcset=\"https:\/\/www.blogdothame.blog.br\/v1\/wp-content\/uploads\/2021\/03\/adolfo-m1-300x200.jpg 300w, https:\/\/www.blogdothame.blog.br\/v1\/wp-content\/uploads\/2021\/03\/adolfo-m1.jpg 1024w\" sizes=\"(max-width: 300px) 100vw, 300px\" \/><\/a><\/p>\n<p>O presidente da Assembleia Legislativa da Bahia \u2013 ALBA, deputado Adolfo Menezes, defendeu hoje (19.07) que o presidente Jair Bolsonaro vete a aprova\u00e7\u00e3o do \u201cfund\u00e3o\u201d eleitoral, no valor de at\u00e9 R$ 5,7 bilh\u00f5es, dentro da Lei de Diretrizes Or\u00e7ament\u00e1rias de 2022. \u201cEle tem que vetar, se quiser manter o m\u00ednimo de coer\u00eancia do seu discurso original contra a corrup\u00e7\u00e3o e pela moraliza\u00e7\u00e3o das contas p\u00fablicas. Sancionar \u00e9 confirmar que a \u2018mamata\u2019 n\u00e3o s\u00f3 continuou como aumentou em seu governo\u201d, diz o chefe do Legislativo estadual.<\/p>\n<p>Al\u00e9m dos partidos do Centr\u00e3o, que comp\u00f5em a base do governo no Congresso, a vota\u00e7\u00e3o do fundo eleitoral contou com o apoio de deputados e senadores bolsonaristas. \u201c\u00c9 uma aberra\u00e7\u00e3o. Vivemos uma pandemia terr\u00edvel, com as pessoas fazendo fila para pegar osso, e o Congresso Nacional aumentando a milion\u00e1ria verba eleitoral de R$ 1,7 para R$ 5,7 bilh\u00f5es. Sou deputado, vou disputar elei\u00e7\u00f5es no ano que vem, mas isso \u00e9 um esc\u00e1rnio contra a popula\u00e7\u00e3o, principalmente a mais pobre deste pa\u00eds\u201d, disparou Menezes.<\/p>\n<p>&nbsp;<\/p>\n","protected":false},"excerpt":{"rendered":"<p>O presidente da Assembleia Legislativa da Bahia \u2013 ALBA, deputado Adolfo Menezes, defendeu hoje (19.07) que o presidente Jair Bolsonaro vete a aprova\u00e7\u00e3o do \u201cfund\u00e3o\u201d eleitoral, no valor de at\u00e9 R$ 5,7 bilh\u00f5es, dentro da Lei de Diretrizes Or\u00e7ament\u00e1rias de 2022. \u201cEle tem que vetar, se quiser manter o m\u00ednimo de coer\u00eancia do seu discurso [&hellip;]<\/p>\n","protected":false},"author":2,"featured_media":0,"comment_status":"open","ping_status":"open","sticky":false,"template":"","format":"standard","meta":{"_links_to":"","_links_to_target":""},"categories":[1],"tags":[],"_links":{"self":[{"href":"https:\/\/www.blogdothame.blog.br\/v1\/wp-json\/wp\/v2\/posts\/120878"}],"collection":[{"href":"https:\/\/www.blogdothame.blog.br\/v1\/wp-json\/wp\/v2\/posts"}],"about":[{"href":"https:\/\/www.blogdothame.blog.br\/v1\/wp-json\/wp\/v2\/types\/post"}],"author":[{"embeddable":true,"href":"https:\/\/www.blogdothame.blog.br\/v1\/wp-json\/wp\/v2\/users\/2"}],"replies":[{"embeddable":true,"href":"https:\/\/www.blogdothame.blog.br\/v1\/wp-json\/wp\/v2\/comments?post=120878"}],"version-history":[{"count":1,"href":"https:\/\/www.blogdothame.blog.br\/v1\/wp-json\/wp\/v2\/posts\/120878\/revisions"}],"predecessor-version":[{"id":120879,"href":"https:\/\/www.blogdothame.blog.br\/v1\/wp-json\/wp\/v2\/posts\/120878\/revisions\/120879"}],"wp:attachment":[{"href":"https:\/\/www.blogdothame.blog.br\/v1\/wp-json\/wp\/v2\/media?parent=120878"}],"wp:term":[{"taxonomy":"category","embeddable":true,"href":"https:\/\/www.blogdothame.blog.br\/v1\/wp-json\/wp\/v2\/categories?post=120878"},{"taxonomy":"post_tag","embeddable":true,"href":"https:\/\/www.blogdothame.blog.br\/v1\/wp-json\/wp\/v2\/tags?post=120878"}],"curies":[{"name":"wp","href":"https:\/\/api.w.org\/{rel}","templated":true}]}}