{"id":120846,"date":"2021-07-19T07:02:54","date_gmt":"2021-07-19T10:02:54","guid":{"rendered":"http:\/\/www.blogdothame.blog.br\/v1\/?p=120846"},"modified":"2021-07-17T12:49:03","modified_gmt":"2021-07-17T15:49:03","slug":"programa-ejovem-oferece-500-vagas-gratuitas-na-regiao-sul-do-estado","status":"publish","type":"post","link":"https:\/\/www.blogdothame.blog.br\/v1\/2021\/07\/19\/programa-ejovem-oferece-500-vagas-gratuitas-na-regiao-sul-do-estado\/","title":{"rendered":"Programa EJovem oferece 500 vagas gratuitas na regi\u00e3o Sul da Bahia"},"content":{"rendered":"<p style=\"font-weight: 400;\">Jovens de 18 a 24 anos que n\u00e3o conclu\u00edram o ensino fundamental II e m\u00e9dio t\u00eam a oportunidade de concluir os estudos. At\u00e9 o dia 31 de julho, o Servi\u00e7o Social da Ind\u00fastria (SESI Bahia)\u00a0est\u00e1 com inscri\u00e7\u00f5es abertas para<strong>\u00a0<\/strong>vagas gratuitas do Programa EJovem, uma iniciativa da\u00a0Educa\u00e7\u00e3o de Jovens e Adultos (EJA). Na regi\u00e3o sul,\u00a0s\u00e3o 300 vagas em Teixeira de Freitas e 200 em Ilh\u00e9us, para jovens que n\u00e3o conclu\u00edram\u00a0o\u00a0Ensino Fundamental II (6\u00ba ao 9\u00ba ano) e o Ensino M\u00e9dio (1\u00ba ao 3\u00ba ano). As<strong>\u00a0<\/strong>inscri\u00e7\u00f5es devem ser feitas pela internet, no site do SESI Bahia:\u00a0<strong><a href=\"http:\/\/www.sesibahia.com.br\/\" data-saferedirecturl=\"https:\/\/www.google.com\/url?q=http:\/\/www.sesibahia.com.br&amp;source=gmail&amp;ust=1626609202169000&amp;usg=AFQjCNFlLtAQlPIJ3y6ENS5uM_8dte6IRg\">www.sesibahia.com.br<\/a><\/strong>.<\/p>\n<p style=\"font-weight: 400;\">O SESI Bahia \u00e9 l\u00edder na oferta de vagas de educa\u00e7\u00e3o de jovens e adultos (EJA) a dist\u00e2ncia em toda a Bahia, com cerca de 10 mil alunos matriculados anualmente em diversas modalidades. No caso do EJovem, iniciativa lan\u00e7ada este ano, o SESI Bahia desenvolveu uma metodologia adaptada ao p\u00fablico jovem. As aulas s\u00e3o na modalidade a dist\u00e2ncia (EaD) e o aluno precisa ter acesso \u00e0 internet.<\/p>\n<p style=\"font-weight: 400;\">O EJovem \u00e9 oferecido nos polos da EJA do SESI de Salvador, Feira de Santana, Juazeiro, Vit\u00f3ria da Conquista, Teixeira de Freitas e Ilh\u00e9us.\u00a0As aulas ser\u00e3o\u00a080% online e 20% presenciais, estas, ser\u00e3o retomadas assim que autorizadas pelos \u00f3rg\u00e3os de Educa\u00e7\u00e3o e Sa\u00fade.<\/p>\n<p style=\"font-weight: 400;\">De acordo com dados do Instituto Brasileiro de Geografia e Estat\u00edstica (IBGE), em 2019, 23% dos jovens de 15 a 29 anos n\u00e3o estudavam e nem trabalhavam no Brasil. Entre os de 18 a 24 anos, o \u00edndice sobe para 27,9%. Na Bahia, no recorte de 15 a 29 anos, o \u00edndice dos chamados\u00a0<em>nem nem\u00a0<\/em>\u00e9 de 28,2%. Diante destes dados e com a acentua\u00e7\u00e3o do d\u00e9ficit escolar provocado pela pandemia, que deixou milhares de jovens nesta faixa et\u00e1ria fora da escola, surgiu a iniciativa do\u00a0SESI Bahia de implantar o EJovem por entender que a falta do ensino b\u00e1sico compromete a inser\u00e7\u00e3o desta parcela da popula\u00e7\u00e3o no mercado de trabalho.<\/p>\n<p style=\"font-weight: 400;\">O SESI Bahia \u00e9 a \u00fanica institui\u00e7\u00e3o no estado que oferece o ensino m\u00e9dio e fundamental II a dist\u00e2ncia, com oferta autorizada pelo Minist\u00e9rio da Educa\u00e7\u00e3o. O curso tamb\u00e9m \u00e9 reconhecido pelo Conselho Estadual de Educa\u00e7\u00e3o.<\/p>\n<p style=\"font-weight: 400;\">Al\u00e9m disso, o SESI Bahia trabalha com a metodologia de\u00a0<strong>Reconhecimento de Saberes<\/strong>, que identifica, valida e certifica as compet\u00eancias e habilidades desenvolvidas nas experi\u00eancias de vida e trabalho do estudante. A principal vantagem \u00e9 que o reconhecimento dos conhecimentos pr\u00e9vios do aluno pode diminuir o tempo de curso, ao focar nas compet\u00eancias essenciais que o estudante precisa dominar para obter o diploma de ensino fundamental ou m\u00e9dio.<\/p>\n<p style=\"font-weight: 400;\"><strong>Confira as vagas dispon\u00edveis nos Polos da EJA do SESI Bahia:<\/strong><\/p>\n<p style=\"font-weight: 400;\">\u00a0<!--more--><\/p>\n<table style=\"font-weight: 400;\">\n<tbody>\n<tr>\n<td width=\"113\"><strong>Cidade<\/strong><\/td>\n<td width=\"132\"><strong>Escola SESI<\/strong><\/td>\n<td width=\"180\"><strong>Contato<\/strong><\/td>\n<td width=\"85\"><strong>Vagas<\/strong><\/td>\n<\/tr>\n<tr>\n<td width=\"113\">Feira de Santana<\/td>\n<td width=\"132\">Escola SESI Jos\u00e9 Carvalho<\/td>\n<td width=\"180\">(75) 3602-9790<br \/>\nWhatsApp: (71) 996554582<\/td>\n<td width=\"85\">290<\/td>\n<\/tr>\n<tr>\n<td width=\"113\">Juazeiro<\/td>\n<td width=\"132\">Escola SESI Jo\u00e3o Gilberto<\/td>\n<td width=\"180\">(74) 2102-7144<br \/>\nWhatsApp: (71) 9 9700-7119\/(71) 9 9906-8083<\/td>\n<td width=\"85\">300<\/td>\n<\/tr>\n<tr>\n<td width=\"113\">Salvador<\/td>\n<td width=\"132\">Escola SESI Reitor Miguel Calmon<\/td>\n<td width=\"180\">(71) 3234-8230<\/td>\n<td width=\"85\">400<\/td>\n<\/tr>\n<tr>\n<td width=\"113\">Vit\u00f3ria da Conquista<\/td>\n<td width=\"132\">Escola SESI An\u00edsio Teixeira<\/td>\n<td width=\"180\">(77) 3201-5703 ou (77) 3201-5722<\/td>\n<td width=\"85\">350<\/td>\n<\/tr>\n<tr>\n<td width=\"113\"><strong>Teixeira de Freitas<\/strong><\/td>\n<td width=\"132\"><strong>Polo SESI Teixeira de Freitas<\/strong><\/td>\n<td width=\"180\"><strong>(73 )3164-2704<\/strong><\/td>\n<td width=\"85\"><strong>300<\/strong><\/td>\n<\/tr>\n<tr>\n<td width=\"113\"><strong>Ilh\u00e9us<\/strong><\/td>\n<td width=\"132\"><strong>Escola SESI Adonias Filho<\/strong><\/td>\n<td width=\"180\"><strong>(73)3222-7077\/ (73)3222-7069<\/strong><\/td>\n<td width=\"85\"><strong>200<\/strong><\/td>\n<\/tr>\n<tr>\n<td width=\"113\"><\/td>\n<td width=\"132\"><\/td>\n<td width=\"180\"><\/td>\n<td width=\"85\">1.840<\/td>\n<\/tr>\n<\/tbody>\n<\/table>\n<p style=\"font-weight: 400;\"><strong>SERVI\u00c7O\u00a0<\/strong><\/p>\n<p style=\"font-weight: 400;\"><strong>O QUE:<\/strong>\u00a0Vagas do EJovem &#8211; Educa\u00e7\u00e3o de Jovens e Adultos (EJA) do SESI Bahia\u00a0para jovens de 18 a 24 anos.<\/p>\n<p style=\"font-weight: 400;\"><strong>QUANDO:<\/strong>\u00a0At\u00e9\u00a031.07.2021<\/p>\n<p style=\"font-weight: 400;\"><strong>INSCRI\u00c7\u00d5ES:<\/strong>\u00a0Pela internet, no site\u00a0<a href=\"http:\/\/www.sesibahia.com.br\/\" data-saferedirecturl=\"https:\/\/www.google.com\/url?q=http:\/\/www.sesibahia.com.br&amp;source=gmail&amp;ust=1626609202169000&amp;usg=AFQjCNFlLtAQlPIJ3y6ENS5uM_8dte6IRg\">www.sesibahia.com.br<\/a><\/p>\n","protected":false},"excerpt":{"rendered":"<p>Jovens de 18 a 24 anos que n\u00e3o conclu\u00edram o ensino fundamental II e m\u00e9dio t\u00eam a oportunidade de concluir os estudos. At\u00e9 o dia 31 de julho, o Servi\u00e7o Social da Ind\u00fastria (SESI Bahia)\u00a0est\u00e1 com inscri\u00e7\u00f5es abertas para\u00a0vagas gratuitas do Programa EJovem, uma iniciativa da\u00a0Educa\u00e7\u00e3o de Jovens e Adultos (EJA). Na regi\u00e3o sul,\u00a0s\u00e3o 300 [&hellip;]<\/p>\n","protected":false},"author":2,"featured_media":0,"comment_status":"open","ping_status":"open","sticky":false,"template":"","format":"standard","meta":{"_links_to":"","_links_to_target":""},"categories":[1],"tags":[30536,22847],"_links":{"self":[{"href":"https:\/\/www.blogdothame.blog.br\/v1\/wp-json\/wp\/v2\/posts\/120846"}],"collection":[{"href":"https:\/\/www.blogdothame.blog.br\/v1\/wp-json\/wp\/v2\/posts"}],"about":[{"href":"https:\/\/www.blogdothame.blog.br\/v1\/wp-json\/wp\/v2\/types\/post"}],"author":[{"embeddable":true,"href":"https:\/\/www.blogdothame.blog.br\/v1\/wp-json\/wp\/v2\/users\/2"}],"replies":[{"embeddable":true,"href":"https:\/\/www.blogdothame.blog.br\/v1\/wp-json\/wp\/v2\/comments?post=120846"}],"version-history":[{"count":2,"href":"https:\/\/www.blogdothame.blog.br\/v1\/wp-json\/wp\/v2\/posts\/120846\/revisions"}],"predecessor-version":[{"id":120848,"href":"https:\/\/www.blogdothame.blog.br\/v1\/wp-json\/wp\/v2\/posts\/120846\/revisions\/120848"}],"wp:attachment":[{"href":"https:\/\/www.blogdothame.blog.br\/v1\/wp-json\/wp\/v2\/media?parent=120846"}],"wp:term":[{"taxonomy":"category","embeddable":true,"href":"https:\/\/www.blogdothame.blog.br\/v1\/wp-json\/wp\/v2\/categories?post=120846"},{"taxonomy":"post_tag","embeddable":true,"href":"https:\/\/www.blogdothame.blog.br\/v1\/wp-json\/wp\/v2\/tags?post=120846"}],"curies":[{"name":"wp","href":"https:\/\/api.w.org\/{rel}","templated":true}]}}