{"id":119658,"date":"2021-06-20T09:58:29","date_gmt":"2021-06-20T12:58:29","guid":{"rendered":"http:\/\/www.blogdothame.blog.br\/v1\/?p=119658"},"modified":"2021-06-20T10:52:50","modified_gmt":"2021-06-20T13:52:50","slug":"novo-cronograma-de-vacinacao-em-itabuna-inclui-faixa-etaria-de-45-anos","status":"publish","type":"post","link":"https:\/\/www.blogdothame.blog.br\/v1\/2021\/06\/20\/novo-cronograma-de-vacinacao-em-itabuna-inclui-faixa-etaria-de-45-anos\/","title":{"rendered":"Novo cronograma de vacina\u00e7\u00e3o em Itabuna inclui faixa et\u00e1ria de 45 anos"},"content":{"rendered":"<p><a href=\"http:\/\/www.blogdothame.blog.br\/v1\/wp-content\/uploads\/2021\/06\/vac-vac.jpg\"><img loading=\"lazy\" class=\"alignleft size-medium wp-image-119659\" src=\"http:\/\/www.blogdothame.blog.br\/v1\/wp-content\/uploads\/2021\/06\/vac-vac-300x225.jpg\" alt=\"vac vac\" width=\"300\" height=\"225\" srcset=\"https:\/\/www.blogdothame.blog.br\/v1\/wp-content\/uploads\/2021\/06\/vac-vac-300x225.jpg 300w, https:\/\/www.blogdothame.blog.br\/v1\/wp-content\/uploads\/2021\/06\/vac-vac-1024x768.jpg 1024w, https:\/\/www.blogdothame.blog.br\/v1\/wp-content\/uploads\/2021\/06\/vac-vac.jpg 1280w\" sizes=\"(max-width: 300px) 100vw, 300px\" \/><\/a>A Secretaria Municipal de Sa\u00fade, por meio da Rede de Frio, divulgou novo calend\u00e1rio de vacina\u00e7\u00e3o contra o virus da gripe (Influenza) e Covid-19 na semana de 21 a 25 de junho em Itabuna. Por isso, a popula\u00e7\u00e3o deve ficar atenta aos dias, hor\u00e1rios e locais.<\/p>\n<p>De segunda-feira, dia 21 at\u00e9 sexta-feira, dia 25, das 8 \u00e0s 11 horas, nas Unidades B\u00e1sicas (uns) e de Sa\u00fade da Fam\u00edlia (USF) prossegue a vacina\u00e7\u00e3o de Influenza (gripe) para os grupos priorit\u00e1rios, que incluem idosos acima de 60 anos, crian\u00e7a de 6 meses a menores de 6 anos; gestantes e pu\u00e9rperas; professores, profissionais de sa\u00fade da rede p\u00fablica e particular.<\/p>\n<p>Tamb\u00e9m pessoas com comorbidades, portadores de defici\u00eancia permanente (f\u00edsica, auditiva, visual e mental), trabalhadores no transporte coletivo rodovi\u00e1rio e caminhoneiros; For\u00e7as Armadas, de seguran\u00e7a e salvamento, funcion\u00e1rios do sistema e popula\u00e7\u00e3o de priva\u00e7\u00e3o de liberdade e jovens em medidas socioeducativas.<\/p>\n<p>A documenta\u00e7\u00e3o exigida \u00e9 o RG, CPF ou Cart\u00e3o SUS, comprovante de resid\u00eancia. Aos profissionais \u00e9 necess\u00e1ria a apresenta\u00e7\u00e3o da Carteira Profissional ou crach\u00e1. E, para as pessoas com defici\u00eancia, \u00e9 necess\u00e1rio o relat\u00f3rio ou receita m\u00e9dica atualizada (6 meses) com CID.<\/p>\n<p>Ainda nas UBS e USP, no per\u00edodo vespertino, das 13 \u00e0s 16 horas, prossegue a vacina\u00e7\u00e3o da 1\u00aa dose da vacina contra a Covid-19.<\/p>\n<p>Entre segunda-feira, dia 21, e a sexta-feira, dia 25, (a exce\u00e7\u00e3o do dia 24, por causa do feriado de S\u00e3o Jo\u00e3o), ser\u00e3o vacinadas pessoas com idade a partir de 45 anos completos, nascidas entre janeiro a dezembro. E tamb\u00e9m, pessoas a partir de 18 anos com comorbidades.<\/p>\n<p>A documenta\u00e7\u00e3o necess\u00e1ria \u00e9 a Carteira de Identidade (RG), CPF ou Cart\u00e3o SUS e comprovante de resid\u00eancia. Para quem tem comorbidade, tamb\u00e9m \u00e9 necess\u00e1rio apresentar o relat\u00f3rio m\u00e9dico atualizado (6 meses) com CID.<\/p>\n<p><!--more--><\/p>\n<p>LACTANTES<\/p>\n<p>No cronograma semanal da vacina\u00e7\u00e3o contra Covid-19, tamb\u00e9m no per\u00edodo vespertino, das 13 \u00e0s 16 horas, nas UBS e USF, est\u00e3o inclu\u00eddas as lactantes maiores de 18 anos, a partir do 46\u00ba dia p\u00f3s-parto at\u00e9 o 12\u00ba m\u00eas de amamenta\u00e7\u00e3o.<\/p>\n<p>As lactentes precisam apresentar Carteira de Identidade (RG), CPF ou cart\u00e3o do SUS, comprovante de resid\u00eancia e certid\u00e3o de nascimento da crian\u00e7a.<\/p>\n<p>GESTANTES E PU\u00c9RPERAS<\/p>\n<p>Na ter\u00e7a-feira, dia 22, ser\u00e1 aplicada a 1\u00aa dose da vacina Pfizer contra Covid-19 para gestantes e pu\u00e9rperas que ainda n\u00e3o se vacinaram. A aplica\u00e7\u00e3o ser\u00e1 das 8h30min \u00e0s 13 horas, em dois locais: Faculdade Santo Agostinho (Bairro Nova Itabuna) e UniFTC (Centro).<\/p>\n<p>As mulheres desse grupo tem que apresentar RG, CPF ou Cart\u00e3o SUS, relat\u00f3rio m\u00e9dico atestando a gravidez ou fotoc\u00f3pia do Ultrassom ou do Cart\u00e3o de Pr\u00e9-natal (assinado e carimbado pelo m\u00e9dico ou enfermeiro). As gestantes e pu\u00e9rperas atendidas por conv\u00eanios e particulares devem realizar o cadastro na Aten\u00e7\u00e3o B\u00e1sica, atrav\u00e9s das UBS e USF.<\/p>\n<p><strong>Secretaria Municipal de Sa\u00fade tamb\u00e9m divulga calend\u00e1rio da 2\u00aa dose<\/strong><\/p>\n<p>Na segunda-feira, dia 21, das 10 \u00e0s 15 horas, ser\u00e3o aplicadas 2\u00aa doses das vacinas Coronavac e Oxford-Astrazenica na UniFTC naquelas pessoas que j\u00e1 receberam a primeira dose de alguma destas vacinas e cuja aplica\u00e7\u00e3o acontece nesta semana.<\/p>\n<p>O grupo contempla indiv\u00edduos de grupos priorit\u00e1rios que receberam a primeira dose da lista da xepa, profissionais de sa\u00fade da rede privada que receberam a primeira dose em 26\/03 e indiv\u00edduos portadores de comorbidades. \u00c9 necess\u00e1rios apresentar a Carteira de Identidade, CPF ou Cart\u00e3o SUS e cart\u00e3o de vacina com registro da 1\u00aa dose.<\/p>\n<p>DRIVE THRU NOTURNO A PARTIR DE 40 ANOS<\/p>\n<p>Nesta semana, tamb\u00e9m haver\u00e1 um dia destinado ao drive-thru noturno para quem n\u00e3o consegue se vacinar durante o dia. Ser\u00e1 na ter\u00e7a-feira, dia 22, das 17 \u00e0s 21 horas, no Teatro Candinha Dorea, quando ser\u00e1 aplicada a primeira dose do imunizante Oxford-Astrazenica em pessoas com idade a partir de 40 anos completos sem comorbidades.<\/p>\n<p>Para ser imunizado, a pessoa deve portar documento de identidade, CPF ou Cart\u00e3o SUS e o comprovante de resid\u00eancia.<\/p>\n<p>PROFISSIONAIS DA IND\u00daSTRIA<\/p>\n<p>J\u00e1 na quarta-feira, dia 23, receber\u00e3o a primeira dose da Oxford-Astrazenica , os profissionais de ind\u00fastrias com idade a partir de 40 anos completos. A vacina\u00e7\u00e3o acontecer\u00e1 na UniFTC das 8h30min \u00e0s 14 horas.<\/p>\n<p>Na sexta-feira, dia 25, receber\u00e3o a primeira dose da Oxford-Astrazenica, os profissionais de ind\u00fastrias com idade de 18 a 39 anos. A vacina\u00e7\u00e3o acontecer\u00e1 na USEMI das 8h30mi \u00e0s 14 horas.<\/p>\n<p>Os profissionais ter\u00e3o que apresentar documento de identidade, CPF ou Cart\u00e3o do SUS, fotoc\u00f3pia do contrato de trabalho ou do contracheque.<\/p>\n<p>&nbsp;<\/p>\n<p>&nbsp;<\/p>\n","protected":false},"excerpt":{"rendered":"<p>A Secretaria Municipal de Sa\u00fade, por meio da Rede de Frio, divulgou novo calend\u00e1rio de vacina\u00e7\u00e3o contra o virus da gripe (Influenza) e Covid-19 na semana de 21 a 25 de junho em Itabuna. Por isso, a popula\u00e7\u00e3o deve ficar atenta aos dias, hor\u00e1rios e locais. De segunda-feira, dia 21 at\u00e9 sexta-feira, dia 25, das [&hellip;]<\/p>\n","protected":false},"author":2,"featured_media":0,"comment_status":"open","ping_status":"open","sticky":false,"template":"","format":"standard","meta":{"_links_to":"","_links_to_target":""},"categories":[1],"tags":[26839,39,28250],"_links":{"self":[{"href":"https:\/\/www.blogdothame.blog.br\/v1\/wp-json\/wp\/v2\/posts\/119658"}],"collection":[{"href":"https:\/\/www.blogdothame.blog.br\/v1\/wp-json\/wp\/v2\/posts"}],"about":[{"href":"https:\/\/www.blogdothame.blog.br\/v1\/wp-json\/wp\/v2\/types\/post"}],"author":[{"embeddable":true,"href":"https:\/\/www.blogdothame.blog.br\/v1\/wp-json\/wp\/v2\/users\/2"}],"replies":[{"embeddable":true,"href":"https:\/\/www.blogdothame.blog.br\/v1\/wp-json\/wp\/v2\/comments?post=119658"}],"version-history":[{"count":3,"href":"https:\/\/www.blogdothame.blog.br\/v1\/wp-json\/wp\/v2\/posts\/119658\/revisions"}],"predecessor-version":[{"id":119685,"href":"https:\/\/www.blogdothame.blog.br\/v1\/wp-json\/wp\/v2\/posts\/119658\/revisions\/119685"}],"wp:attachment":[{"href":"https:\/\/www.blogdothame.blog.br\/v1\/wp-json\/wp\/v2\/media?parent=119658"}],"wp:term":[{"taxonomy":"category","embeddable":true,"href":"https:\/\/www.blogdothame.blog.br\/v1\/wp-json\/wp\/v2\/categories?post=119658"},{"taxonomy":"post_tag","embeddable":true,"href":"https:\/\/www.blogdothame.blog.br\/v1\/wp-json\/wp\/v2\/tags?post=119658"}],"curies":[{"name":"wp","href":"https:\/\/api.w.org\/{rel}","templated":true}]}}