{"id":119317,"date":"2021-06-14T11:02:37","date_gmt":"2021-06-14T14:02:37","guid":{"rendered":"http:\/\/www.blogdothame.blog.br\/v1\/?p=119317"},"modified":"2021-06-14T11:02:59","modified_gmt":"2021-06-14T14:02:59","slug":"rui-fala-sobre-preocupacao-com-crescimento-dos-casos-de-covid-19-no-periodo-de-festas-juninas","status":"publish","type":"post","link":"https:\/\/www.blogdothame.blog.br\/v1\/2021\/06\/14\/rui-fala-sobre-preocupacao-com-crescimento-dos-casos-de-covid-19-no-periodo-de-festas-juninas\/","title":{"rendered":"Rui fala sobre preocupa\u00e7\u00e3o com crescimento dos casos de covid-19 no per\u00edodo de festas juninas"},"content":{"rendered":"<p>&nbsp;<\/p>\n<p><a href=\"http:\/\/www.blogdothame.blog.br\/v1\/wp-content\/uploads\/2021\/05\/rui-alerta-1.jpg\"><img loading=\"lazy\" class=\"aligncenter size-medium wp-image-118255\" src=\"http:\/\/www.blogdothame.blog.br\/v1\/wp-content\/uploads\/2021\/05\/rui-alerta-1-300x206.jpg\" alt=\"rui alerta (1)\" width=\"300\" height=\"206\" srcset=\"https:\/\/www.blogdothame.blog.br\/v1\/wp-content\/uploads\/2021\/05\/rui-alerta-1-300x206.jpg 300w, https:\/\/www.blogdothame.blog.br\/v1\/wp-content\/uploads\/2021\/05\/rui-alerta-1-1024x704.jpg 1024w, https:\/\/www.blogdothame.blog.br\/v1\/wp-content\/uploads\/2021\/05\/rui-alerta-1.jpg 1046w\" sizes=\"(max-width: 300px) 100vw, 300px\" \/><\/a>Durante a entrega de mais uma obra de conten\u00e7\u00e3o de encosta no sub\u00farbio de Salvador, nesta segunda-feira (14), o governador Rui Costa falou novamente sobre a preocupa\u00e7\u00e3o com o risco de crescimento dos casos de covid-19 por conta das aglomera\u00e7\u00f5es para festejos juninos.<\/p>\n<p>Ele ressaltou que os \u00edndices da doen\u00e7a e as taxas de ocupa\u00e7\u00e3o hospitalar no estado seguem altos e que as comemora\u00e7\u00f5es, mesmo em fam\u00edlia, podem elevar ainda mais o n\u00famero de casos e complicar a situa\u00e7\u00e3o.<\/p>\n<!--[if lt IE 9]><script>document.createElement('audio');<\/script><![endif]-->\n<audio class=\"wp-audio-shortcode\" id=\"audio-119317-1\" preload=\"none\" style=\"width: 100%;\" controls=\"controls\"><source type=\"audio\/mpeg\" src=\"http:\/\/www.blogdothame.blog.br\/v1\/wp-content\/uploads\/2021\/06\/RUI-PREOCUPAC?A?O-SA?O-JOA?O-140621_mp3&#038;_=1\" \/><a href=\"http:\/\/www.blogdothame.blog.br\/v1\/wp-content\/uploads\/2021\/06\/RUI-PREOCUPAC?A?O-SA?O-JOA?O-140621.mp3\">http:\/\/www.blogdothame.blog.br\/v1\/wp-content\/uploads\/2021\/06\/RUI-PREOCUPAC?A?O-SA?O-JOA?O-140621.mp3<\/a><\/audio>\n","protected":false},"excerpt":{"rendered":"<p>&nbsp; Durante a entrega de mais uma obra de conten\u00e7\u00e3o de encosta no sub\u00farbio de Salvador, nesta segunda-feira (14), o governador Rui Costa falou novamente sobre a preocupa\u00e7\u00e3o com o risco de crescimento dos casos de covid-19 por conta das aglomera\u00e7\u00f5es para festejos juninos. Ele ressaltou que os \u00edndices da doen\u00e7a e as taxas de [&hellip;]<\/p>\n","protected":false},"author":2,"featured_media":0,"comment_status":"open","ping_status":"open","sticky":false,"template":"","format":"standard","meta":{"_links_to":"","_links_to_target":""},"categories":[1],"tags":[27938,26839,615,3379],"_links":{"self":[{"href":"https:\/\/www.blogdothame.blog.br\/v1\/wp-json\/wp\/v2\/posts\/119317"}],"collection":[{"href":"https:\/\/www.blogdothame.blog.br\/v1\/wp-json\/wp\/v2\/posts"}],"about":[{"href":"https:\/\/www.blogdothame.blog.br\/v1\/wp-json\/wp\/v2\/types\/post"}],"author":[{"embeddable":true,"href":"https:\/\/www.blogdothame.blog.br\/v1\/wp-json\/wp\/v2\/users\/2"}],"replies":[{"embeddable":true,"href":"https:\/\/www.blogdothame.blog.br\/v1\/wp-json\/wp\/v2\/comments?post=119317"}],"version-history":[{"count":1,"href":"https:\/\/www.blogdothame.blog.br\/v1\/wp-json\/wp\/v2\/posts\/119317\/revisions"}],"predecessor-version":[{"id":119319,"href":"https:\/\/www.blogdothame.blog.br\/v1\/wp-json\/wp\/v2\/posts\/119317\/revisions\/119319"}],"wp:attachment":[{"href":"https:\/\/www.blogdothame.blog.br\/v1\/wp-json\/wp\/v2\/media?parent=119317"}],"wp:term":[{"taxonomy":"category","embeddable":true,"href":"https:\/\/www.blogdothame.blog.br\/v1\/wp-json\/wp\/v2\/categories?post=119317"},{"taxonomy":"post_tag","embeddable":true,"href":"https:\/\/www.blogdothame.blog.br\/v1\/wp-json\/wp\/v2\/tags?post=119317"}],"curies":[{"name":"wp","href":"https:\/\/api.w.org\/{rel}","templated":true}]}}