{"id":119312,"date":"2021-06-14T10:00:40","date_gmt":"2021-06-14T13:00:40","guid":{"rendered":"http:\/\/www.blogdothame.blog.br\/v1\/?p=119312"},"modified":"2021-06-14T11:49:32","modified_gmt":"2021-06-14T14:49:32","slug":"ibicarai-em-boletim-de-ocorrencia-socia-da-cacau-fm-diz-que-torre-foi-derrubadam-boletim-de-ocorrencia-socia-da-cacau-fm-alega-que-torre-foi-derrubada","status":"publish","type":"post","link":"https:\/\/www.blogdothame.blog.br\/v1\/2021\/06\/14\/ibicarai-em-boletim-de-ocorrencia-socia-da-cacau-fm-diz-que-torre-foi-derrubadam-boletim-de-ocorrencia-socia-da-cacau-fm-alega-que-torre-foi-derrubada\/","title":{"rendered":"Ibicara\u00ed: em boletim de ocorr\u00eancia. s\u00f3cia da Cacau FM diz que torre foi derrubada"},"content":{"rendered":"<p><a href=\"http:\/\/www.blogdothame.blog.br\/v1\/wp-content\/uploads\/2021\/06\/torre-fm.jpg\"><img loading=\"lazy\" class=\"alignleft size-medium wp-image-119313\" src=\"http:\/\/www.blogdothame.blog.br\/v1\/wp-content\/uploads\/2021\/06\/torre-fm-300x185.jpg\" alt=\"torre fm\" width=\"300\" height=\"185\" srcset=\"https:\/\/www.blogdothame.blog.br\/v1\/wp-content\/uploads\/2021\/06\/torre-fm-300x185.jpg 300w, https:\/\/www.blogdothame.blog.br\/v1\/wp-content\/uploads\/2021\/06\/torre-fm.jpg 699w\" sizes=\"(max-width: 300px) 100vw, 300px\" \/><\/a>A torre que sintoniza a Cacau FM no munic\u00edpio de Ibicara\u00ed foi encontrada ca\u00edda na madrugada desta segunda-feira (14) em uma fazenda onde estava instalada. Segundo a s\u00f3cia gerente da r\u00e1dio, Nildete Silva Cruz, o ato foi criminoso.<\/p>\n<p>Em boletim de ocorr\u00eancia, registrado na \u00faltima ter\u00e7a-feira (10), Nildete relatou aos policiais que um homem, indentificado por ela como Leonardo Oliveira de Sousa, invadiu uma propriedade e subtraiu dois transmissores, deixando assim a r\u00e1dio fora do ar e causando um preju\u00edzo de 30 mil reais.<\/p>\n<p>&nbsp;<\/p>\n<p>Nesta segunda-feira, uma publica\u00e7\u00e3o feita nas redes sociais por Jos\u00e9 Nilton Calazans mostrava a torre da r\u00e1dio em solo e o relato: \u201cTorre da transmiss\u00e3o da R\u00e1dio Cacau FM foi derrubada\u2026\u201d<\/p>\n<p>O caso est\u00e1 sendo investigado pela Pol\u00edcia Civil. (do Ipolitica)<\/p>\n","protected":false},"excerpt":{"rendered":"<p>A torre que sintoniza a Cacau FM no munic\u00edpio de Ibicara\u00ed foi encontrada ca\u00edda na madrugada desta segunda-feira (14) em uma fazenda onde estava instalada. Segundo a s\u00f3cia gerente da r\u00e1dio, Nildete Silva Cruz, o ato foi criminoso. Em boletim de ocorr\u00eancia, registrado na \u00faltima ter\u00e7a-feira (10), Nildete relatou aos policiais que um homem, indentificado [&hellip;]<\/p>\n","protected":false},"author":2,"featured_media":0,"comment_status":"open","ping_status":"open","sticky":false,"template":"","format":"standard","meta":{"_links_to":"","_links_to_target":""},"categories":[1],"tags":[],"_links":{"self":[{"href":"https:\/\/www.blogdothame.blog.br\/v1\/wp-json\/wp\/v2\/posts\/119312"}],"collection":[{"href":"https:\/\/www.blogdothame.blog.br\/v1\/wp-json\/wp\/v2\/posts"}],"about":[{"href":"https:\/\/www.blogdothame.blog.br\/v1\/wp-json\/wp\/v2\/types\/post"}],"author":[{"embeddable":true,"href":"https:\/\/www.blogdothame.blog.br\/v1\/wp-json\/wp\/v2\/users\/2"}],"replies":[{"embeddable":true,"href":"https:\/\/www.blogdothame.blog.br\/v1\/wp-json\/wp\/v2\/comments?post=119312"}],"version-history":[{"count":4,"href":"https:\/\/www.blogdothame.blog.br\/v1\/wp-json\/wp\/v2\/posts\/119312\/revisions"}],"predecessor-version":[{"id":119323,"href":"https:\/\/www.blogdothame.blog.br\/v1\/wp-json\/wp\/v2\/posts\/119312\/revisions\/119323"}],"wp:attachment":[{"href":"https:\/\/www.blogdothame.blog.br\/v1\/wp-json\/wp\/v2\/media?parent=119312"}],"wp:term":[{"taxonomy":"category","embeddable":true,"href":"https:\/\/www.blogdothame.blog.br\/v1\/wp-json\/wp\/v2\/categories?post=119312"},{"taxonomy":"post_tag","embeddable":true,"href":"https:\/\/www.blogdothame.blog.br\/v1\/wp-json\/wp\/v2\/tags?post=119312"}],"curies":[{"name":"wp","href":"https:\/\/api.w.org\/{rel}","templated":true}]}}