{"id":119291,"date":"2021-06-13T17:43:04","date_gmt":"2021-06-13T20:43:04","guid":{"rendered":"http:\/\/www.blogdothame.blog.br\/v1\/?p=119291"},"modified":"2021-06-13T19:47:02","modified_gmt":"2021-06-13T22:47:02","slug":"secretario-de-turismo-de-cairu-e-mais-uma-vitima-da-covid","status":"publish","type":"post","link":"https:\/\/www.blogdothame.blog.br\/v1\/2021\/06\/13\/secretario-de-turismo-de-cairu-e-mais-uma-vitima-da-covid\/","title":{"rendered":"Secret\u00e1rio de Turismo de Cairu \u00e9 mais uma v\u00edtima da Covid"},"content":{"rendered":"<p><a href=\"http:\/\/www.blogdothame.blog.br\/v1\/wp-content\/uploads\/2021\/06\/Secretario-de-Turismo-Julio-Oliveira.jpeg\"><img loading=\"lazy\" class=\"alignleft size-medium wp-image-119292\" src=\"http:\/\/www.blogdothame.blog.br\/v1\/wp-content\/uploads\/2021\/06\/Secretario-de-Turismo-Julio-Oliveira-300x300.jpeg\" alt=\"Secretario de Turismo Julio Oliveira\" width=\"300\" height=\"300\" srcset=\"https:\/\/www.blogdothame.blog.br\/v1\/wp-content\/uploads\/2021\/06\/Secretario-de-Turismo-Julio-Oliveira-300x300.jpeg 300w, https:\/\/www.blogdothame.blog.br\/v1\/wp-content\/uploads\/2021\/06\/Secretario-de-Turismo-Julio-Oliveira-150x150.jpeg 150w, https:\/\/www.blogdothame.blog.br\/v1\/wp-content\/uploads\/2021\/06\/Secretario-de-Turismo-Julio-Oliveira.jpeg 303w\" sizes=\"(max-width: 300px) 100vw, 300px\" \/><\/a>A Prefeitura de Cairu anunciou a pouco\u00a0 o\u00a0falecimento do secret\u00e1rio de Turismo,\u00a0J\u00falio Oliveira. Ele estava internado em Itabuna com\u00a0Covid 19,\u00a0falecendo na tarde deste domingo(13). J\u00falio deixa esposa e tr\u00eas filhos. Fica o agradecimento da prefeitura pelo competente trabalho no tempo que esteve e nossa solidariedade \u00e0 fam\u00edlia em luto.<\/p>\n<p>Natural de Valen\u00e7a, J\u00falio formou-se em Turismo pela Faculdade Zacarias de G\u00f3es (FAZAG). Come\u00e7ou a carreira em 1996, como diretor de Agricultura e Meio Ambiente da Prefeitura Municipal de Valen\u00e7a. At\u00e9 2008 passou por algumas fun\u00e7\u00f5es, foi diretor de Turismo e Secret\u00e1rio Municipal de Ind\u00fastria, Com\u00e9rcio, Turismo e Cultura de Valen\u00e7a.<\/p>\n<p><!--more--><\/p>\n<p>Foi Consultor da Associa\u00e7\u00e3o dos Munic\u00edpios do Baixo Sul da Bahia, onde coordenou a C\u00e2mara T\u00e9cnica de Turismo de 2015 a 2010, nesse per\u00edodo tamb\u00e9m assumiu pela primeira vez a Secretaria de Turismo de Cairu (de 2009 a 2012).<\/p>\n<p>Na esfera estadual exerceu o cargo de diretor de Servi\u00e7os Tur\u00edsticos da Secretaria Estadual de Turismo do Governo da Bahia, e atuou tamb\u00e9m como secret\u00e1rio executivo do F\u00f3rum Estadual de Turismo. Em 2014 foi convidado para assumir a fun\u00e7\u00e3o de secret\u00e1rio municipal de Turismo de Itacar\u00e9. Al\u00e9m de secret\u00e1rio de Turismo de Cairu, atualmente J\u00falio tamb\u00e9m ocupava a cadeira de diretor financeiro da Associa\u00e7\u00e3o Nacional dos Secret\u00e1rios e Dirigentes Municipais de Turismo, ANSEDITUR.<\/p>\n<p>&nbsp;<\/p>\n","protected":false},"excerpt":{"rendered":"<p>A Prefeitura de Cairu anunciou a pouco\u00a0 o\u00a0falecimento do secret\u00e1rio de Turismo,\u00a0J\u00falio Oliveira. Ele estava internado em Itabuna com\u00a0Covid 19,\u00a0falecendo na tarde deste domingo(13). J\u00falio deixa esposa e tr\u00eas filhos. Fica o agradecimento da prefeitura pelo competente trabalho no tempo que esteve e nossa solidariedade \u00e0 fam\u00edlia em luto. Natural de Valen\u00e7a, J\u00falio formou-se em [&hellip;]<\/p>\n","protected":false},"author":2,"featured_media":0,"comment_status":"open","ping_status":"open","sticky":false,"template":"","format":"standard","meta":{"_links_to":"","_links_to_target":""},"categories":[1],"tags":[6425,26839,30270,16050],"_links":{"self":[{"href":"https:\/\/www.blogdothame.blog.br\/v1\/wp-json\/wp\/v2\/posts\/119291"}],"collection":[{"href":"https:\/\/www.blogdothame.blog.br\/v1\/wp-json\/wp\/v2\/posts"}],"about":[{"href":"https:\/\/www.blogdothame.blog.br\/v1\/wp-json\/wp\/v2\/types\/post"}],"author":[{"embeddable":true,"href":"https:\/\/www.blogdothame.blog.br\/v1\/wp-json\/wp\/v2\/users\/2"}],"replies":[{"embeddable":true,"href":"https:\/\/www.blogdothame.blog.br\/v1\/wp-json\/wp\/v2\/comments?post=119291"}],"version-history":[{"count":2,"href":"https:\/\/www.blogdothame.blog.br\/v1\/wp-json\/wp\/v2\/posts\/119291\/revisions"}],"predecessor-version":[{"id":119294,"href":"https:\/\/www.blogdothame.blog.br\/v1\/wp-json\/wp\/v2\/posts\/119291\/revisions\/119294"}],"wp:attachment":[{"href":"https:\/\/www.blogdothame.blog.br\/v1\/wp-json\/wp\/v2\/media?parent=119291"}],"wp:term":[{"taxonomy":"category","embeddable":true,"href":"https:\/\/www.blogdothame.blog.br\/v1\/wp-json\/wp\/v2\/categories?post=119291"},{"taxonomy":"post_tag","embeddable":true,"href":"https:\/\/www.blogdothame.blog.br\/v1\/wp-json\/wp\/v2\/tags?post=119291"}],"curies":[{"name":"wp","href":"https:\/\/api.w.org\/{rel}","templated":true}]}}