{"id":119253,"date":"2021-06-11T16:43:08","date_gmt":"2021-06-11T19:43:08","guid":{"rendered":"http:\/\/www.blogdothame.blog.br\/v1\/?p=119253"},"modified":"2021-06-11T16:43:08","modified_gmt":"2021-06-11T19:43:08","slug":"menino-com-tumor-cerebral-raro-passa-por-cirurgia-na-santa-casa-de-itabuna","status":"publish","type":"post","link":"https:\/\/www.blogdothame.blog.br\/v1\/2021\/06\/11\/menino-com-tumor-cerebral-raro-passa-por-cirurgia-na-santa-casa-de-itabuna\/","title":{"rendered":"Menino com tumor cerebral raro passa por cirurgia na Santa Casa de Itabuna"},"content":{"rendered":"<p align=\"justify\">\n<p style=\"text-align: right;\" align=\"justify\"><strong>Ailton Silva<\/strong><\/p>\n<p align=\"justify\"><a href=\"http:\/\/www.blogdothame.blog.br\/v1\/wp-content\/uploads\/2021\/06\/Fernando-Schmitz-1.jpg\"><img loading=\"lazy\" class=\"alignright size-medium wp-image-119254\" src=\"http:\/\/www.blogdothame.blog.br\/v1\/wp-content\/uploads\/2021\/06\/Fernando-Schmitz-1-300x203.jpg\" alt=\"Fernando Schmitz 1\" width=\"300\" height=\"203\" srcset=\"https:\/\/www.blogdothame.blog.br\/v1\/wp-content\/uploads\/2021\/06\/Fernando-Schmitz-1-300x203.jpg 300w, https:\/\/www.blogdothame.blog.br\/v1\/wp-content\/uploads\/2021\/06\/Fernando-Schmitz-1-1024x693.jpg 1024w, https:\/\/www.blogdothame.blog.br\/v1\/wp-content\/uploads\/2021\/06\/Fernando-Schmitz-1.jpg 1064w\" sizes=\"(max-width: 300px) 100vw, 300px\" \/><\/a>Nos \u00faltimos sete anos, a vida da dona de casa Luciana Martins dos Santos foi marcada por dias angustiantes e noites mal dormidas. Foi um per\u00edodo com idas e vindas aos postos de sa\u00fade, aos consult\u00f3rios m\u00e9dicos e hospitais em busca de uma resposta para as crises convulsivas di\u00e1rias que o filho, hoje com 13 anos, come\u00e7ou apresentar quando tinha seis anos.Mas uma cirurgia realizada na Santa Casa de Itabuna pode mudar esse quadro. O procedimento realizado no\u00a0Hospital Materno &#8211; Infantil Manoel Novaes, ajudar\u00e1\u00a0no controle das crises convulsivas e amenizar\u00e1 o sofrimento da fam\u00edlia, moradora do munic\u00edpio de Gongogi, no sul da Bahia. As crises que o menino sofria eram agravadas pelo denominado \u201cTumor Neuroepitelial Disembriopl\u00e1sico\u201d, considerado um tipo raro.<\/p>\n<p align=\"justify\">A incid\u00eancia do tipo de tumor cerebral, ressecado durante a cirurgia, vai de 2,5% a 25% das les\u00f5es removidas para tratamento da epilepsia f\u00e1rmaco resistente cr\u00f4nica (dura\u00e7\u00e3o superior a dois anos), segundo especialistas. O tipo de tumor foi confirmado por exame anatomopatol\u00f3gico e a cirurgia para a sua remo\u00e7\u00e3o custeada pelo Sistema \u00danico de Sa\u00fade (SUS).<\/p>\n<p align=\"justify\"><!--more--><br \/>\n<!--more--><!--more-->O tumor cerebral raro manifestava por meio de crises convulsivas recorrentes e de dif\u00edcil controle. \u201cA tend\u00eancia \u00e9 que esse paciente n\u00e3o sofra mais com as crises contantes e tenha melhor qualidade\u00a0\u00a0de vida\u201d, adianta o chefe do servi\u00e7o de Neurocirurgia da SCMI, o m\u00e9dico S\u00edlvio Porto.<\/p>\n<p align=\"justify\">O m\u00e9dico neurocirurgi\u00e3o pedi\u00e1trico Fernando Schmitz, respons\u00e1vel pela cirurgia, explica que, conforme estudos, foram registrados cerca de 330 casos deste tipo de tumor no mundo inteiro. O paciente j\u00e1 recebeu alta m\u00e9dica e seguir\u00e1 acompanhado pela equipe de oncologia e de neurocirurgia Hospital Manoel Novaes para avalia\u00e7\u00e3o cl\u00ednica peri\u00f3dica em rela\u00e7\u00e3o a cirurgia e o controle das crises convulsivas.<\/p>\n<p align=\"justify\">EXPECTATIVA DE MELHORA NA QUALIDADE DE VIDA<\/p>\n<p align=\"justify\">Depois da cirurgia, a dona Luciana Martins espera que as idas ao m\u00e9dico para levar o filho n\u00e3o ocorra com tanta frequ\u00eancia. Ela conta que, por causa das crises convulsivas frequentes e violentas, nos \u00faltimos cinco anos, tem dedicado quase todo o tempo para cuidar do filho. \u201cEle n\u00e3o podia ficar 10 minutos sozinho porque eu tinha muito medo. Ele j\u00e1 foi levado algumas vezes para atendimento de urg\u00eancia por cair e machucar a cabe\u00e7a\u201d.<\/p>\n<p align=\"justify\">O m\u00e9dico neurocirurgi\u00e3o pedi\u00e1trico Fernando Schmitz explica que o paciente sofria de crises convulsivas de dif\u00edcil controle. \u201cA crian\u00e7a estava em uso de tr\u00eas medica\u00e7\u00f5es anticonvulsivantes, tomando v\u00e1rios comprimidos por dia e, mesmo assim, sem o controle total das crises. Por isso, mesmo com 13 anos de idade, ele necessitava de supervis\u00e3o 24 horas por dia, devido as crises frequentes e risco constante de se machucar\u201d.<\/p>\n<p align=\"justify\">O neurocirurgi\u00e3o explica que, conforme relatado na literatura, at\u00e9 50% dos pacientes com o tipo de tumor detectado no menino tem controle total das crises ap\u00f3s serem submetidos a cirurgia. A outra metade tem uma melhora no controle das crises convulsivas. \u201cNo caso desse paciente, ainda n\u00e3o podemos afirmar se ficar\u00e1 definitivamente livre das convuls\u00f5es, caso n\u00e3o tenha a situa\u00e7\u00e3o completamente sanada, sofrer\u00e1 menos e ter\u00e1 uma melhor qualidade de vida\u201d, adianta o m\u00e9dico.<\/p>\n","protected":false},"excerpt":{"rendered":"<p>Ailton Silva Nos \u00faltimos sete anos, a vida da dona de casa Luciana Martins dos Santos foi marcada por dias angustiantes e noites mal dormidas. Foi um per\u00edodo com idas e vindas aos postos de sa\u00fade, aos consult\u00f3rios m\u00e9dicos e hospitais em busca de uma resposta para as crises convulsivas di\u00e1rias que o filho, hoje [&hellip;]<\/p>\n","protected":false},"author":2,"featured_media":0,"comment_status":"open","ping_status":"open","sticky":false,"template":"","format":"standard","meta":{"_links_to":"","_links_to_target":""},"categories":[1],"tags":[10997,30264,973],"_links":{"self":[{"href":"https:\/\/www.blogdothame.blog.br\/v1\/wp-json\/wp\/v2\/posts\/119253"}],"collection":[{"href":"https:\/\/www.blogdothame.blog.br\/v1\/wp-json\/wp\/v2\/posts"}],"about":[{"href":"https:\/\/www.blogdothame.blog.br\/v1\/wp-json\/wp\/v2\/types\/post"}],"author":[{"embeddable":true,"href":"https:\/\/www.blogdothame.blog.br\/v1\/wp-json\/wp\/v2\/users\/2"}],"replies":[{"embeddable":true,"href":"https:\/\/www.blogdothame.blog.br\/v1\/wp-json\/wp\/v2\/comments?post=119253"}],"version-history":[{"count":1,"href":"https:\/\/www.blogdothame.blog.br\/v1\/wp-json\/wp\/v2\/posts\/119253\/revisions"}],"predecessor-version":[{"id":119255,"href":"https:\/\/www.blogdothame.blog.br\/v1\/wp-json\/wp\/v2\/posts\/119253\/revisions\/119255"}],"wp:attachment":[{"href":"https:\/\/www.blogdothame.blog.br\/v1\/wp-json\/wp\/v2\/media?parent=119253"}],"wp:term":[{"taxonomy":"category","embeddable":true,"href":"https:\/\/www.blogdothame.blog.br\/v1\/wp-json\/wp\/v2\/categories?post=119253"},{"taxonomy":"post_tag","embeddable":true,"href":"https:\/\/www.blogdothame.blog.br\/v1\/wp-json\/wp\/v2\/tags?post=119253"}],"curies":[{"name":"wp","href":"https:\/\/api.w.org\/{rel}","templated":true}]}}