{"id":118565,"date":"2021-05-27T19:07:18","date_gmt":"2021-05-27T22:07:18","guid":{"rendered":"http:\/\/www.blogdothame.blog.br\/v1\/?p=118565"},"modified":"2021-05-27T18:08:22","modified_gmt":"2021-05-27T21:08:22","slug":"governo-estadual-envia-a-assembleia-legislativa-proposta-de-ajustes-no-texto-da-reforma-da-previdencia","status":"publish","type":"post","link":"https:\/\/www.blogdothame.blog.br\/v1\/2021\/05\/27\/governo-estadual-envia-a-assembleia-legislativa-proposta-de-ajustes-no-texto-da-reforma-da-previdencia\/","title":{"rendered":"Governo estadual envia \u00e0 Assembleia Legislativa proposta de ajustes no texto da Reforma da Previd\u00eancia"},"content":{"rendered":"<p>O governo baiano encaminhou \u00e0 Assembleia Legislativa da Bahia (Alba), nesta quinta-feira (27), uma Proposta de Emenda da Constitui\u00e7\u00e3o (PEC) que prev\u00ea ajustes t\u00e9cnicos e de ordem legal no texto da Emenda Constitucional n\u00b0 26, da Reforma da Previd\u00eancia Estadual. A nova proposta n\u00e3o prev\u00ea mudan\u00e7as nas regras dos benef\u00edcios previdenci\u00e1rios, mas apenas altera\u00e7\u00f5es textuais com o objetivo de tornar o conte\u00fado da legisla\u00e7\u00e3o mais claro e de f\u00e1cil aplica\u00e7\u00e3o.<\/p>\n<p>\u201cNosso objetivo foi aperfei\u00e7oar o texto constitucional e dar seguran\u00e7a e celeridade aos c\u00e1lculos dos proventos\u201d, explica o superintendente de Previd\u00eancia do Estado, Eduardo Matta, ao reiterar que a nova PEC \u201cn\u00e3o prev\u00ea modifica\u00e7\u00f5es nas regras previdenci\u00e1rias em vigor relativas, por exemplo, a idade, tempo de contribui\u00e7\u00e3o, c\u00e1lculo de proventos, regras de transi\u00e7\u00e3o ou al\u00edquotas\u201d.<\/p>\n<p>&nbsp;<\/p>\n<p>Segundo o superintendente, um dos ajustes propostos diz respeito ao c\u00e1lculo da m\u00e9dia das gratifica\u00e7\u00f5es vari\u00e1veis para servidores que se aposentam com integralidade \u2013 ou seja, com direito a ter seu benef\u00edcio calculado com base na remunera\u00e7\u00e3o do cargo efetivo.<\/p>\n<p>Com o texto da emenda atualmente em vigor, este c\u00e1lculo \u00e9 feito com base na m\u00e9dia de todo o tempo em que o servidor recebeu a gratifica\u00e7\u00e3o. \u201cCom a altera\u00e7\u00e3o, passar\u00e1 a ser observada apenas a m\u00e9dia dos \u00faltimos 10 anos, o que facilitar\u00e1 bastante o c\u00e1lculo e a concess\u00e3o do benef\u00edcio\u201d, explica o superintendente.<\/p>\n","protected":false},"excerpt":{"rendered":"<p>O governo baiano encaminhou \u00e0 Assembleia Legislativa da Bahia (Alba), nesta quinta-feira (27), uma Proposta de Emenda da Constitui\u00e7\u00e3o (PEC) que prev\u00ea ajustes t\u00e9cnicos e de ordem legal no texto da Emenda Constitucional n\u00b0 26, da Reforma da Previd\u00eancia Estadual. A nova proposta n\u00e3o prev\u00ea mudan\u00e7as nas regras dos benef\u00edcios previdenci\u00e1rios, mas apenas altera\u00e7\u00f5es textuais [&hellip;]<\/p>\n","protected":false},"author":2,"featured_media":0,"comment_status":"open","ping_status":"open","sticky":false,"template":"","format":"standard","meta":{"_links_to":"","_links_to_target":""},"categories":[1],"tags":[18396,552,13170],"_links":{"self":[{"href":"https:\/\/www.blogdothame.blog.br\/v1\/wp-json\/wp\/v2\/posts\/118565"}],"collection":[{"href":"https:\/\/www.blogdothame.blog.br\/v1\/wp-json\/wp\/v2\/posts"}],"about":[{"href":"https:\/\/www.blogdothame.blog.br\/v1\/wp-json\/wp\/v2\/types\/post"}],"author":[{"embeddable":true,"href":"https:\/\/www.blogdothame.blog.br\/v1\/wp-json\/wp\/v2\/users\/2"}],"replies":[{"embeddable":true,"href":"https:\/\/www.blogdothame.blog.br\/v1\/wp-json\/wp\/v2\/comments?post=118565"}],"version-history":[{"count":1,"href":"https:\/\/www.blogdothame.blog.br\/v1\/wp-json\/wp\/v2\/posts\/118565\/revisions"}],"predecessor-version":[{"id":118566,"href":"https:\/\/www.blogdothame.blog.br\/v1\/wp-json\/wp\/v2\/posts\/118565\/revisions\/118566"}],"wp:attachment":[{"href":"https:\/\/www.blogdothame.blog.br\/v1\/wp-json\/wp\/v2\/media?parent=118565"}],"wp:term":[{"taxonomy":"category","embeddable":true,"href":"https:\/\/www.blogdothame.blog.br\/v1\/wp-json\/wp\/v2\/categories?post=118565"},{"taxonomy":"post_tag","embeddable":true,"href":"https:\/\/www.blogdothame.blog.br\/v1\/wp-json\/wp\/v2\/tags?post=118565"}],"curies":[{"name":"wp","href":"https:\/\/api.w.org\/{rel}","templated":true}]}}