{"id":118486,"date":"2021-05-26T15:37:09","date_gmt":"2021-05-26T18:37:09","guid":{"rendered":"http:\/\/www.blogdothame.blog.br\/v1\/?p=118486"},"modified":"2021-05-26T15:42:21","modified_gmt":"2021-05-26T18:42:21","slug":"nrs-sul-recebe-61520-novas-doses-de-vacina-contra-a-covid-19","status":"publish","type":"post","link":"https:\/\/www.blogdothame.blog.br\/v1\/2021\/05\/26\/nrs-sul-recebe-61520-novas-doses-de-vacina-contra-a-covid-19\/","title":{"rendered":"NRS Sul recebe 61,520 novas doses de vacina contra a Covid 19"},"content":{"rendered":"<p>Na tarde desta quarta feira o N\u00facleo Regional de Sa\u00fade Sul recebeu a 21\u00aa remessa de vacinas contra a COVID -19,com um total de 61.520 doses, destinadas \u00e0s regi\u00f5es de Ilh\u00e9us, Itabuna, Jequi\u00e9 e Gandu. Os imunizantes s\u00e3o da Astrazeneca e todos destinados \u00e0 primeira dose, para in\u00edcio de esquema vacinal. Estar\u00e3o aptos ao recebimento os munic\u00edpios que aplicaram 85% ou mais das doses recebidas anteriormente.\u00a0Esta foi uma decis\u00e3o da Comiss\u00e3o Intergestores Bipartite (CIB), que \u00e9 uma inst\u00e2ncia deliberativa da sa\u00fade e re\u00fane representantes dos 417 munic\u00edpios e o Estado.<\/p>\n<p><a href=\"http:\/\/www.blogdothame.blog.br\/v1\/wp-content\/uploads\/2021\/05\/vacina-novas-doses.jpg\"><img loading=\"lazy\" class=\"aligncenter size-medium wp-image-118487\" src=\"http:\/\/www.blogdothame.blog.br\/v1\/wp-content\/uploads\/2021\/05\/vacina-novas-doses-225x300.jpg\" alt=\"vacina novas doses\" width=\"225\" height=\"300\" srcset=\"https:\/\/www.blogdothame.blog.br\/v1\/wp-content\/uploads\/2021\/05\/vacina-novas-doses-225x300.jpg 225w, https:\/\/www.blogdothame.blog.br\/v1\/wp-content\/uploads\/2021\/05\/vacina-novas-doses-768x1024.jpg 768w, https:\/\/www.blogdothame.blog.br\/v1\/wp-content\/uploads\/2021\/05\/vacina-novas-doses.jpg 960w\" sizes=\"(max-width: 225px) 100vw, 225px\" \/><\/a><\/p>\n<p>&nbsp;<\/p>\n<p>A coordenadora do NRS Sul, Domilene Borges, lembra que apesar da chegada de novas doses de vacina, \u00e9 preciso que a popula\u00e7\u00e3o continue mantendo os protocolos de preven\u00e7\u00e3o da Covid 19, como distanciamento social, uso de m\u00e1scaras, higieniza\u00e7\u00e3o permanente e s\u00f3 sair de casa quando necess\u00e1rio. \u201cEstamos numa curva ascendente de casos e de ocupa\u00e7\u00e3o de leitos hospitalares, em que todos precisam vencer sua parte para vencer a batalha contra o v\u00edrus\u201d.<\/p>\n","protected":false},"excerpt":{"rendered":"<p>Na tarde desta quarta feira o N\u00facleo Regional de Sa\u00fade Sul recebeu a 21\u00aa remessa de vacinas contra a COVID -19,com um total de 61.520 doses, destinadas \u00e0s regi\u00f5es de Ilh\u00e9us, Itabuna, Jequi\u00e9 e Gandu. Os imunizantes s\u00e3o da Astrazeneca e todos destinados \u00e0 primeira dose, para in\u00edcio de esquema vacinal. Estar\u00e3o aptos ao recebimento [&hellip;]<\/p>\n","protected":false},"author":2,"featured_media":0,"comment_status":"open","ping_status":"open","sticky":false,"template":"","format":"standard","meta":{"_links_to":"","_links_to_target":""},"categories":[1],"tags":[30140,1634,28250],"_links":{"self":[{"href":"https:\/\/www.blogdothame.blog.br\/v1\/wp-json\/wp\/v2\/posts\/118486"}],"collection":[{"href":"https:\/\/www.blogdothame.blog.br\/v1\/wp-json\/wp\/v2\/posts"}],"about":[{"href":"https:\/\/www.blogdothame.blog.br\/v1\/wp-json\/wp\/v2\/types\/post"}],"author":[{"embeddable":true,"href":"https:\/\/www.blogdothame.blog.br\/v1\/wp-json\/wp\/v2\/users\/2"}],"replies":[{"embeddable":true,"href":"https:\/\/www.blogdothame.blog.br\/v1\/wp-json\/wp\/v2\/comments?post=118486"}],"version-history":[{"count":1,"href":"https:\/\/www.blogdothame.blog.br\/v1\/wp-json\/wp\/v2\/posts\/118486\/revisions"}],"predecessor-version":[{"id":118488,"href":"https:\/\/www.blogdothame.blog.br\/v1\/wp-json\/wp\/v2\/posts\/118486\/revisions\/118488"}],"wp:attachment":[{"href":"https:\/\/www.blogdothame.blog.br\/v1\/wp-json\/wp\/v2\/media?parent=118486"}],"wp:term":[{"taxonomy":"category","embeddable":true,"href":"https:\/\/www.blogdothame.blog.br\/v1\/wp-json\/wp\/v2\/categories?post=118486"},{"taxonomy":"post_tag","embeddable":true,"href":"https:\/\/www.blogdothame.blog.br\/v1\/wp-json\/wp\/v2\/tags?post=118486"}],"curies":[{"name":"wp","href":"https:\/\/api.w.org\/{rel}","templated":true}]}}