{"id":117863,"date":"2021-05-14T16:09:59","date_gmt":"2021-05-14T19:09:59","guid":{"rendered":"http:\/\/www.blogdothame.blog.br\/v1\/?p=117863"},"modified":"2021-05-14T16:15:48","modified_gmt":"2021-05-14T19:15:48","slug":"rui-fala-sobre-preocupacao-com-taxas-da-covid-19","status":"publish","type":"post","link":"https:\/\/www.blogdothame.blog.br\/v1\/2021\/05\/14\/rui-fala-sobre-preocupacao-com-taxas-da-covid-19\/","title":{"rendered":"Rui fala sobre preocupa\u00e7\u00e3o com taxas da covid-19"},"content":{"rendered":"<p>Na manh\u00e3 desta sexta-feira (14), durante entrega de obras em Lauro de Freitas, na Regi\u00e3o Metropolitana de Salvador, o governador Rui Costa falou sobre a preocupa\u00e7\u00e3o com as taxas da covid-19 na Bahia. Ele pediu para que a popula\u00e7\u00e3o redobre os cuidados para evitar uma terceira onda de contamina\u00e7\u00e3o e disse que ter\u00e1 uma reuni\u00e3o ainda hoje para definir medidas de conten\u00e7\u00e3o da doen\u00e7a no oeste da Bahia, que apontou como a pior regi\u00e3o do estado neste momento com 100% de ocupa\u00e7\u00e3o dos leitos.<\/p>\n<!--[if lt IE 9]><script>document.createElement('audio');<\/script><![endif]-->\n<audio class=\"wp-audio-shortcode\" id=\"audio-117863-1\" preload=\"none\" style=\"width: 100%;\" controls=\"controls\"><source type=\"audio\/mpeg\" src=\"http:\/\/www.blogdothame.blog.br\/v1\/wp-content\/uploads\/2021\/05\/RUI-PREOCUPAC?A?O-OESTE-140521_mp3&#038;_=1\" \/><a href=\"http:\/\/www.blogdothame.blog.br\/v1\/wp-content\/uploads\/2021\/05\/RUI-PREOCUPAC?A?O-OESTE-140521.mp3\">http:\/\/www.blogdothame.blog.br\/v1\/wp-content\/uploads\/2021\/05\/RUI-PREOCUPAC?A?O-OESTE-140521.mp3<\/a><\/audio>\n","protected":false},"excerpt":{"rendered":"<p>Na manh\u00e3 desta sexta-feira (14), durante entrega de obras em Lauro de Freitas, na Regi\u00e3o Metropolitana de Salvador, o governador Rui Costa falou sobre a preocupa\u00e7\u00e3o com as taxas da covid-19 na Bahia. Ele pediu para que a popula\u00e7\u00e3o redobre os cuidados para evitar uma terceira onda de contamina\u00e7\u00e3o e disse que ter\u00e1 uma reuni\u00e3o [&hellip;]<\/p>\n","protected":false},"author":2,"featured_media":0,"comment_status":"open","ping_status":"open","sticky":false,"template":"","format":"standard","meta":{"_links_to":"","_links_to_target":""},"categories":[1],"tags":[26839,15761,615],"_links":{"self":[{"href":"https:\/\/www.blogdothame.blog.br\/v1\/wp-json\/wp\/v2\/posts\/117863"}],"collection":[{"href":"https:\/\/www.blogdothame.blog.br\/v1\/wp-json\/wp\/v2\/posts"}],"about":[{"href":"https:\/\/www.blogdothame.blog.br\/v1\/wp-json\/wp\/v2\/types\/post"}],"author":[{"embeddable":true,"href":"https:\/\/www.blogdothame.blog.br\/v1\/wp-json\/wp\/v2\/users\/2"}],"replies":[{"embeddable":true,"href":"https:\/\/www.blogdothame.blog.br\/v1\/wp-json\/wp\/v2\/comments?post=117863"}],"version-history":[{"count":1,"href":"https:\/\/www.blogdothame.blog.br\/v1\/wp-json\/wp\/v2\/posts\/117863\/revisions"}],"predecessor-version":[{"id":117865,"href":"https:\/\/www.blogdothame.blog.br\/v1\/wp-json\/wp\/v2\/posts\/117863\/revisions\/117865"}],"wp:attachment":[{"href":"https:\/\/www.blogdothame.blog.br\/v1\/wp-json\/wp\/v2\/media?parent=117863"}],"wp:term":[{"taxonomy":"category","embeddable":true,"href":"https:\/\/www.blogdothame.blog.br\/v1\/wp-json\/wp\/v2\/categories?post=117863"},{"taxonomy":"post_tag","embeddable":true,"href":"https:\/\/www.blogdothame.blog.br\/v1\/wp-json\/wp\/v2\/tags?post=117863"}],"curies":[{"name":"wp","href":"https:\/\/api.w.org\/{rel}","templated":true}]}}