{"id":117516,"date":"2021-05-07T18:30:43","date_gmt":"2021-05-07T21:30:43","guid":{"rendered":"http:\/\/www.blogdothame.blog.br\/v1\/?p=117516"},"modified":"2021-05-07T17:58:50","modified_gmt":"2021-05-07T20:58:50","slug":"separado-pela-covid-casal-se-emociona-em-encontro-virtual-com-recem-nascidonascido","status":"publish","type":"post","link":"https:\/\/www.blogdothame.blog.br\/v1\/2021\/05\/07\/separado-pela-covid-casal-se-emociona-em-encontro-virtual-com-recem-nascidonascido\/","title":{"rendered":"Separado pela Covid, casal se emociona  em encontro virtual  com rec\u00e9m nascido"},"content":{"rendered":"<p><a href=\"http:\/\/www.blogdothame.blog.br\/v1\/wp-content\/uploads\/2021\/05\/Filho.jpg\"><img loading=\"lazy\" class=\"aligncenter  wp-image-117518\" src=\"http:\/\/www.blogdothame.blog.br\/v1\/wp-content\/uploads\/2021\/05\/Filho-1024x579.jpg\" alt=\"Filho\" width=\"445\" height=\"251\" srcset=\"https:\/\/www.blogdothame.blog.br\/v1\/wp-content\/uploads\/2021\/05\/Filho-1024x579.jpg 1024w, https:\/\/www.blogdothame.blog.br\/v1\/wp-content\/uploads\/2021\/05\/Filho-300x170.jpg 300w, https:\/\/www.blogdothame.blog.br\/v1\/wp-content\/uploads\/2021\/05\/Filho.jpg 1280w\" sizes=\"(max-width: 445px) 100vw, 445px\" \/><\/a><\/p>\n<p>Internado no dia 2 de maio na Santa Casa de Miseric\u00f3rdia de Itabuna ap\u00f3s ter o quadro de sa\u00fade agravado pela infec\u00e7\u00e3o do novo coronav\u00edrus, o casal Karine Melo de Santana Silva, de 29 anos, Rodrigo Souza dos Santos, de 32 anos, foi surpreendido, no in\u00edcio da noite desta quinta-feira (6), com uma videochamada da Unidade de Terapia Intensiva (UTI) Neonatal do Hospital Manoel Novaes (HMN). Karine foi internada no dia do anivers\u00e1rio.<\/p>\n<p><a href=\"http:\/\/www.blogdothame.blog.br\/v1\/wp-content\/uploads\/2021\/05\/Rodrigo-e-Karine.jpg\"><img loading=\"lazy\" class=\"aligncenter size-medium wp-image-117517\" src=\"http:\/\/www.blogdothame.blog.br\/v1\/wp-content\/uploads\/2021\/05\/Rodrigo-e-Karine-300x190.jpg\" alt=\"Rodrigo e Karine\" width=\"300\" height=\"190\" srcset=\"https:\/\/www.blogdothame.blog.br\/v1\/wp-content\/uploads\/2021\/05\/Rodrigo-e-Karine-300x190.jpg 300w, https:\/\/www.blogdothame.blog.br\/v1\/wp-content\/uploads\/2021\/05\/Rodrigo-e-Karine.jpg 592w\" sizes=\"(max-width: 300px) 100vw, 300px\" \/><\/a><\/p>\n<p>De um lado da linha estavam a diretora t\u00e9cnica do HMN, a m\u00e9dica Fabiane Ch\u00e1vez, a coordenadora de Enfermagem da UTI Neonatal, Lucinaide Lemos, e Thatyanna Rodrigues (psic\u00f3loga da unidade). Elas fizeram apresenta\u00e7\u00e3o de Emanoel, primeiro filho do casal Rodrigo Souza e Karine Melo, que est\u00e3o se recuperando em leitos t\u00e9cnicos do Hospital Calixto Midlej Filho (HCMF). Foi a primeira vez que o jovem viu o filho e tamb\u00e9m reencontrou a mulher no hospital.<\/p>\n<p><!--more--><\/p>\n<p>A separa\u00e7\u00e3o do casal ocorreu porque Rodrigo Souza apresentou o quadro mais grave da doen\u00e7a e precisou ser internado em um leito de UTI Covid do HCMF. J\u00e1 Karine Melo teve de antecipar o parto depois de diagnosticada com a Covid-19 e apresentar dificuldades na respira\u00e7\u00e3o. Com 37 semanas e um dia de gesta\u00e7\u00e3o, ela foi submetida\u00a0a\u00a0uma cesariana no \u00faltimo dia 3 e, em seguida, transferida para um leito cl\u00ednico no hospital onde marido est\u00e1 internado.<\/p>\n<p>O ENCONTRO<\/p>\n<p>O encontro da fam\u00edlia ocorreu na quinta-feira, quando Rodrigo Souza, ap\u00f3s apresentar melhoras no quadro de sa\u00fade, recebeu alta da UTI e foi transferido para um leito cl\u00ednico no mesmo pavilh\u00e3o onde Karina Melo se recupera. Eles foram diagnosticados com a Covid-19 no final do m\u00eas passado e internados no dia 2 de maio. Ontem, os profissionais dos hospitais Calixto Midlej e Manoel Novaes decidiram fazer uma surpresa para a fam\u00edlia ao apresentar o beb\u00ea aos pais.<br \/>\nKarine Melo e Rodrigo Souza ficaram muito felizes quando viram as imagens, em tempo real, do pequeno Emanoel. Os pais acompanharam atentos as informa\u00e7\u00f5es repassadas pela psic\u00f3loga Thatyanna Rodrigues e pela enfermeira Lucinaide Lemos. Foram pouco mais de\u00a0sete\u00a0minutos de videochamada conectando o filho na UTI do HMN e os pais no HCMF. Ao ouvir as vozes dos\u00a0pais, o beb\u00ea come\u00e7ou a se movimentar na encubadora. Parecia fazer uma grande festa.<\/p>\n<p>No outro lado da linha, os pais celebravam a conquista em dose dupla: a evolu\u00e7\u00e3o do quadro de sa\u00fade dos tr\u00eas e o primeiro encontro da fam\u00edlia. Com vozes embargadas, pai e m\u00e3e ouviram atentamente as informa\u00e7\u00f5es sobre a evolu\u00e7\u00e3o no quadro de sa\u00fade do beb\u00ea\u00a0e\u00a0ficaram ainda mais felizes no momento em que souberam que o rec\u00e9m-nascido testou negativo para a Covid-19.<\/p>\n<p>Pesando 2,980 kg, Emanoel teve de ser reanimado no centro cir\u00fargico e colocado no oxig\u00eanio logo ap\u00f3s o nascimento porque apresentou desconforto respirat\u00f3rio. \u201cEle vem apresentando uma recupera\u00e7\u00e3o muito r\u00e1pida. O nosso maior presente \u00e9 cuidar dele para voc\u00eas. Que voc\u00eas tenham uma noite mais leve depois dessas lindas imagens\u201d, disse a coordenadora de Enfermagem\u00a0da UTI Neo, Lucinaide Lemos.<\/p>\n<p>Karine Melo, que teve 50% do pulm\u00e3o comprometido por causa do novo coronav\u00edrus e est\u00e1 se recuperando bem, mandou recado de apoio para as m\u00e3es que est\u00e3o passando por situa\u00e7\u00e3o parecida. \u201cFui diagnosticada com a Covid-19 na semana passada e queria dizer a voc\u00eas, m\u00e3es, que sigam firme no senhor, que tudo isso vai passar. Agrade\u00e7o a toda a equipe de sa\u00fade, que fizeram toda a diferen\u00e7a nesse momento. Que Deus aben\u00e7oe cada um de voc\u00eas\u201d.<\/p>\n","protected":false},"excerpt":{"rendered":"<p>Internado no dia 2 de maio na Santa Casa de Miseric\u00f3rdia de Itabuna ap\u00f3s ter o quadro de sa\u00fade agravado pela infec\u00e7\u00e3o do novo coronav\u00edrus, o casal Karine Melo de Santana Silva, de 29 anos, Rodrigo Souza dos Santos, de 32 anos, foi surpreendido, no in\u00edcio da noite desta quinta-feira (6), com uma videochamada da [&hellip;]<\/p>\n","protected":false},"author":2,"featured_media":0,"comment_status":"open","ping_status":"open","sticky":false,"template":"","format":"standard","meta":{"_links_to":"","_links_to_target":""},"categories":[1],"tags":[26839,29950,29951,973],"_links":{"self":[{"href":"https:\/\/www.blogdothame.blog.br\/v1\/wp-json\/wp\/v2\/posts\/117516"}],"collection":[{"href":"https:\/\/www.blogdothame.blog.br\/v1\/wp-json\/wp\/v2\/posts"}],"about":[{"href":"https:\/\/www.blogdothame.blog.br\/v1\/wp-json\/wp\/v2\/types\/post"}],"author":[{"embeddable":true,"href":"https:\/\/www.blogdothame.blog.br\/v1\/wp-json\/wp\/v2\/users\/2"}],"replies":[{"embeddable":true,"href":"https:\/\/www.blogdothame.blog.br\/v1\/wp-json\/wp\/v2\/comments?post=117516"}],"version-history":[{"count":3,"href":"https:\/\/www.blogdothame.blog.br\/v1\/wp-json\/wp\/v2\/posts\/117516\/revisions"}],"predecessor-version":[{"id":117521,"href":"https:\/\/www.blogdothame.blog.br\/v1\/wp-json\/wp\/v2\/posts\/117516\/revisions\/117521"}],"wp:attachment":[{"href":"https:\/\/www.blogdothame.blog.br\/v1\/wp-json\/wp\/v2\/media?parent=117516"}],"wp:term":[{"taxonomy":"category","embeddable":true,"href":"https:\/\/www.blogdothame.blog.br\/v1\/wp-json\/wp\/v2\/categories?post=117516"},{"taxonomy":"post_tag","embeddable":true,"href":"https:\/\/www.blogdothame.blog.br\/v1\/wp-json\/wp\/v2\/tags?post=117516"}],"curies":[{"name":"wp","href":"https:\/\/api.w.org\/{rel}","templated":true}]}}