{"id":117182,"date":"2021-05-02T07:54:15","date_gmt":"2021-05-02T10:54:15","guid":{"rendered":"http:\/\/www.blogdothame.blog.br\/v1\/?p=117182"},"modified":"2021-05-01T16:01:02","modified_gmt":"2021-05-01T19:01:02","slug":"medico-isaac-nery-diz-que-andiara-rodrigues-simboliza-a-luta-contra-a-covid-19","status":"publish","type":"post","link":"https:\/\/www.blogdothame.blog.br\/v1\/2021\/05\/02\/medico-isaac-nery-diz-que-andiara-rodrigues-simboliza-a-luta-contra-a-covid-19\/","title":{"rendered":"M\u00e9dico Isaac Nery diz que Andiara Rodrigues simboliza a luta contra a COVID 19"},"content":{"rendered":"<p>&nbsp;<\/p>\n<p><a href=\"http:\/\/www.blogdothame.blog.br\/v1\/wp-content\/uploads\/2021\/05\/andiara.jpg\"><img loading=\"lazy\" class=\"aligncenter size-medium wp-image-117183\" src=\"http:\/\/www.blogdothame.blog.br\/v1\/wp-content\/uploads\/2021\/05\/andiara-300x228.jpg\" alt=\"andiara\" width=\"300\" height=\"228\" srcset=\"https:\/\/www.blogdothame.blog.br\/v1\/wp-content\/uploads\/2021\/05\/andiara-300x228.jpg 300w, https:\/\/www.blogdothame.blog.br\/v1\/wp-content\/uploads\/2021\/05\/andiara-1024x779.jpg 1024w, https:\/\/www.blogdothame.blog.br\/v1\/wp-content\/uploads\/2021\/05\/andiara.jpg 1280w\" sizes=\"(max-width: 300px) 100vw, 300px\" \/><\/a><\/p>\n<p>O m\u00e9dico Isaac Nery ,que trabalha no Hospital Costa do Cacau, disse que a empres\u00e1ria Andiara Rodrigues Oliveira , morta pela doen\u00e7a na quinta-feira (29) , \u00e9 quem mais simboliza a luta contra a doen\u00e7a na regi\u00e3o. Em nota em que apresenta solidariedade \u00e0 fam\u00edlia, Nery lembra que Andiara instalou garraf\u00f5es de \u00e1gua por toda a cidade , utilizando recursos pr\u00f3prios para que a popula\u00e7\u00e3o tivesse um lugar acess\u00edvel para lavar as m\u00e3os e fazer a higiene sanit\u00e1ria.<\/p>\n<p>&nbsp;<\/p>\n<p>&nbsp;<\/p>\n<p>\u201c Nenhum empres\u00e1rio fez tanto \u201c, escreveu, completando: \u201c Uma grande a\u00e7\u00e3o de solidariedade, de amor ao pr\u00f3ximo \u201c. Isaac prop\u00f4s que a C\u00e2mara Municipal ap\u00f3s estudos possa denominar Andiara Rodrigues a localidade de Vila Paloma onde a empres\u00e1ria morava. \u201c \u00c9 uma homenagem mais que merecida a uma pessoa que fez tanto, uma guerreira trabalhadora \u201c, finaliza o m\u00e9dico .<\/p>\n","protected":false},"excerpt":{"rendered":"<p>&nbsp; O m\u00e9dico Isaac Nery ,que trabalha no Hospital Costa do Cacau, disse que a empres\u00e1ria Andiara Rodrigues Oliveira , morta pela doen\u00e7a na quinta-feira (29) , \u00e9 quem mais simboliza a luta contra a doen\u00e7a na regi\u00e3o. Em nota em que apresenta solidariedade \u00e0 fam\u00edlia, Nery lembra que Andiara instalou garraf\u00f5es de \u00e1gua por [&hellip;]<\/p>\n","protected":false},"author":2,"featured_media":0,"comment_status":"open","ping_status":"open","sticky":false,"template":"","format":"standard","meta":{"_links_to":"","_links_to_target":""},"categories":[1],"tags":[29899,26839,29898],"_links":{"self":[{"href":"https:\/\/www.blogdothame.blog.br\/v1\/wp-json\/wp\/v2\/posts\/117182"}],"collection":[{"href":"https:\/\/www.blogdothame.blog.br\/v1\/wp-json\/wp\/v2\/posts"}],"about":[{"href":"https:\/\/www.blogdothame.blog.br\/v1\/wp-json\/wp\/v2\/types\/post"}],"author":[{"embeddable":true,"href":"https:\/\/www.blogdothame.blog.br\/v1\/wp-json\/wp\/v2\/users\/2"}],"replies":[{"embeddable":true,"href":"https:\/\/www.blogdothame.blog.br\/v1\/wp-json\/wp\/v2\/comments?post=117182"}],"version-history":[{"count":1,"href":"https:\/\/www.blogdothame.blog.br\/v1\/wp-json\/wp\/v2\/posts\/117182\/revisions"}],"predecessor-version":[{"id":117184,"href":"https:\/\/www.blogdothame.blog.br\/v1\/wp-json\/wp\/v2\/posts\/117182\/revisions\/117184"}],"wp:attachment":[{"href":"https:\/\/www.blogdothame.blog.br\/v1\/wp-json\/wp\/v2\/media?parent=117182"}],"wp:term":[{"taxonomy":"category","embeddable":true,"href":"https:\/\/www.blogdothame.blog.br\/v1\/wp-json\/wp\/v2\/categories?post=117182"},{"taxonomy":"post_tag","embeddable":true,"href":"https:\/\/www.blogdothame.blog.br\/v1\/wp-json\/wp\/v2\/tags?post=117182"}],"curies":[{"name":"wp","href":"https:\/\/api.w.org\/{rel}","templated":true}]}}