{"id":116256,"date":"2021-04-14T10:14:01","date_gmt":"2021-04-14T13:14:01","guid":{"rendered":"http:\/\/www.blogdothame.blog.br\/v1\/?p=116256"},"modified":"2021-04-14T10:14:01","modified_gmt":"2021-04-14T13:14:01","slug":"eventos-estao-proibidos-em-99-municipios-de-seis-regioes-da-bahia","status":"publish","type":"post","link":"https:\/\/www.blogdothame.blog.br\/v1\/2021\/04\/14\/eventos-estao-proibidos-em-99-municipios-de-seis-regioes-da-bahia\/","title":{"rendered":"Eventos est\u00e3o proibidos em 99 munic\u00edpios de seis regi\u00f5es da Bahia"},"content":{"rendered":"<p>O decreto n\u00b0 20.397, de 13 de abril, publicado nesta quarta-feira (14) no Di\u00e1rio Oficial do Estado, esclarece que festas e shows seguem proibidos na Bahia. As exce\u00e7\u00f5es s\u00e3o para eventos cient\u00edficos e corporativos, como reuni\u00f5es, limitados a at\u00e9 50 pessoas, e religiosos, que seguem permitidos para at\u00e9 25% da capacidade do local.<\/p>\n<p>No Papo Correria desta ter\u00e7a-feira (13), o governador ressaltou que os eventos dos quais o decreto trata s\u00e3o corporativos, como reuni\u00f5es. \u201cNingu\u00e9m est\u00e1 permitindo festa. O termo \u2018evento\u2019 se caracteriza, eventualmente, por reuni\u00f5es de trabalho, confer\u00eancias, palestras. N\u00e3o est\u00e1 permitido festa, com n\u00famero nenhum de pessoas\u201d, explica.<\/p>\n<p>O gestor lembrou ainda que as regi\u00f5es de Barreiras, Ibotirama, Brumado, Irec\u00ea, Santa Maria e Guanambi, totalizando 99 munic\u00edpios, n\u00e3o podem realizar qualquer tipo de evento, independentemente da quantidade de pessoas.<\/p>\n<p>Os 99 munic\u00edpios inclusos nesta lista s\u00e3o:<\/p>\n<p><!--more--><\/p>\n<p>Am\u00e9rica Dourada<br \/>\nAngical<br \/>\nBaian\u00f3polis<br \/>\nBarra<br \/>\nBarra da Estiva<br \/>\nBarra dos Mendes<br \/>\nBarreiras<br \/>\nBarro Alto<br \/>\nBom Jesus da Lapa<br \/>\nBonito<br \/>\nBoquira<br \/>\nBotupor\u00e3<br \/>\nBrejol\u00e2ndia<br \/>\nBrotas de Maca\u00fabas<br \/>\nBrumado<br \/>\nBuritirama<br \/>\nCacul\u00e9<br \/>\nCaetit\u00e9<br \/>\nCafarnaum<br \/>\nCan\u00e1polis<br \/>\nCanarana<br \/>\nCandiba<br \/>\nCarinhanha<br \/>\nCatol\u00e2ndia<br \/>\nCaturama<br \/>\nCentral<br \/>\nCocos<br \/>\nContendas do Sincor\u00e1<br \/>\nCoribe<br \/>\nCorrentina<br \/>\nCotegipe<br \/>\nCrist\u00f3polis<br \/>\nDom Bas\u00edlio<br \/>\n\u00c9rico Cardoso<br \/>\nFeira da Mata<br \/>\nFormosa do Rio Preto<br \/>\nGentio do Ouro<br \/>\nGuanambi<br \/>\nIbiassuc\u00ea<br \/>\nIbicoara<br \/>\nIbipeba<br \/>\nIbipitanga<br \/>\nIbitit\u00e1<br \/>\nIbotirama<br \/>\nIgapor\u00e3<br \/>\nIpupiara<br \/>\nIrec\u00ea<br \/>\nItagua\u00e7u da Bahia<br \/>\nItua\u00e7u<br \/>\nIui\u00fa<br \/>\nJaborandi<br \/>\nJacaraci<br \/>\nJo\u00e3o Dourado<br \/>\nJussara<br \/>\nJussiape<br \/>\nLagoa Real<br \/>\nLap\u00e3o<br \/>\nLic\u00ednio de Almeida<br \/>\nLivramento de Nossa Senhora<br \/>\nLu\u00eds Eduardo Magalh\u00e3es<br \/>\nMaca\u00fabas<br \/>\nMalhada<br \/>\nMansid\u00e3o<br \/>\nMatina<br \/>\nMorpor\u00e1<br \/>\nMorro do Chap\u00e9u<br \/>\nMortugaba<br \/>\nMulungu do Morro<br \/>\nMuqu\u00e9m do S\u00e3o Francisco<br \/>\nOliveira dos Brejinhos<br \/>\nPalmas de Monte Alto<br \/>\nParamirim<br \/>\nParatinga<br \/>\nPinda\u00ed<br \/>\nPresidente Dutra<br \/>\nRiach\u00e3o das Neves<br \/>\nRiacho de Santana<br \/>\nRio de Contas<br \/>\nRio do Ant\u00f4nio<br \/>\nRio do Pires<br \/>\nSanta Maria da Vit\u00f3ria<br \/>\nSanta Rita de C\u00e1ssia<br \/>\nSantana<br \/>\nS\u00e3o Desid\u00e9rio<br \/>\nS\u00e3o Felix do Coribe<br \/>\nS\u00e3o Gabriel<br \/>\nSebasti\u00e3o Laranjeiras<br \/>\nSerra do Ramalho<br \/>\nSerra Dourada<br \/>\nS\u00edtio do Mato<br \/>\nSouto Soares<br \/>\nTabocas do Brejo Velho<br \/>\nTanha\u00e7u<br \/>\nTanque Novo<br \/>\nTapiramut\u00e1<br \/>\nUiba\u00ed<br \/>\nUrandi<br \/>\nWanderley<br \/>\nXique-Xique<\/p>\n","protected":false},"excerpt":{"rendered":"<p>O decreto n\u00b0 20.397, de 13 de abril, publicado nesta quarta-feira (14) no Di\u00e1rio Oficial do Estado, esclarece que festas e shows seguem proibidos na Bahia. As exce\u00e7\u00f5es s\u00e3o para eventos cient\u00edficos e corporativos, como reuni\u00f5es, limitados a at\u00e9 50 pessoas, e religiosos, que seguem permitidos para at\u00e9 25% da capacidade do local. No Papo [&hellip;]<\/p>\n","protected":false},"author":2,"featured_media":0,"comment_status":"open","ping_status":"open","sticky":false,"template":"","format":"standard","meta":{"_links_to":"","_links_to_target":""},"categories":[1],"tags":[26839,16,27546],"_links":{"self":[{"href":"https:\/\/www.blogdothame.blog.br\/v1\/wp-json\/wp\/v2\/posts\/116256"}],"collection":[{"href":"https:\/\/www.blogdothame.blog.br\/v1\/wp-json\/wp\/v2\/posts"}],"about":[{"href":"https:\/\/www.blogdothame.blog.br\/v1\/wp-json\/wp\/v2\/types\/post"}],"author":[{"embeddable":true,"href":"https:\/\/www.blogdothame.blog.br\/v1\/wp-json\/wp\/v2\/users\/2"}],"replies":[{"embeddable":true,"href":"https:\/\/www.blogdothame.blog.br\/v1\/wp-json\/wp\/v2\/comments?post=116256"}],"version-history":[{"count":1,"href":"https:\/\/www.blogdothame.blog.br\/v1\/wp-json\/wp\/v2\/posts\/116256\/revisions"}],"predecessor-version":[{"id":116257,"href":"https:\/\/www.blogdothame.blog.br\/v1\/wp-json\/wp\/v2\/posts\/116256\/revisions\/116257"}],"wp:attachment":[{"href":"https:\/\/www.blogdothame.blog.br\/v1\/wp-json\/wp\/v2\/media?parent=116256"}],"wp:term":[{"taxonomy":"category","embeddable":true,"href":"https:\/\/www.blogdothame.blog.br\/v1\/wp-json\/wp\/v2\/categories?post=116256"},{"taxonomy":"post_tag","embeddable":true,"href":"https:\/\/www.blogdothame.blog.br\/v1\/wp-json\/wp\/v2\/tags?post=116256"}],"curies":[{"name":"wp","href":"https:\/\/api.w.org\/{rel}","templated":true}]}}