{"id":116216,"date":"2021-04-13T14:39:23","date_gmt":"2021-04-13T17:39:23","guid":{"rendered":"http:\/\/www.blogdothame.blog.br\/v1\/?p=116216"},"modified":"2021-04-13T14:42:36","modified_gmt":"2021-04-13T17:42:36","slug":"bahia-inicia-elaboracao-dos-inventarios-de-gases-de-efeito-estufa-gees","status":"publish","type":"post","link":"https:\/\/www.blogdothame.blog.br\/v1\/2021\/04\/13\/bahia-inicia-elaboracao-dos-inventarios-de-gases-de-efeito-estufa-gees\/","title":{"rendered":"Bahia inicia elabora\u00e7\u00e3o dos Invent\u00e1rios de Gases de Efeito Estufa (GEEs)"},"content":{"rendered":"<p><a href=\"http:\/\/www.blogdothame.blog.br\/v1\/wp-content\/uploads\/2021\/04\/eefeito-estufa.jpeg\"><img loading=\"lazy\" class=\"aligncenter size-medium wp-image-116217\" src=\"http:\/\/www.blogdothame.blog.br\/v1\/wp-content\/uploads\/2021\/04\/eefeito-estufa-300x138.jpeg\" alt=\"eefeito estufa\" width=\"300\" height=\"138\" srcset=\"https:\/\/www.blogdothame.blog.br\/v1\/wp-content\/uploads\/2021\/04\/eefeito-estufa-300x138.jpeg 300w, https:\/\/www.blogdothame.blog.br\/v1\/wp-content\/uploads\/2021\/04\/eefeito-estufa.jpeg 738w\" sizes=\"(max-width: 300px) 100vw, 300px\" \/><\/a><\/p>\n<p>A Bahia inicia nesta quarta-feira (14), \u00e0s 9h, a elabora\u00e7\u00e3o dos Invent\u00e1rios de Gases de Efeito Estufa (GEEs). Trata-se de um passo importante para a constru\u00e7\u00e3o do Plano Estadual de Enfrentamento \u00e0s Mudan\u00e7as Clim\u00e1ticas, uma vez que este instrumento representa a linha de base sobre a qual ir\u00e3o incidir as metas de redu\u00e7\u00e3o da emiss\u00e3o desses gases e as a\u00e7\u00f5es de mitiga\u00e7\u00e3o e adapta\u00e7\u00e3o para o enfrentamento \u00e0s altera\u00e7\u00f5es do clima no estado. A elabora\u00e7\u00e3o dos invent\u00e1rios integra as medidas adotadas pela Secretaria do Meio Ambiente (Sema) e o Instituto do Meio Ambiente e Recursos H\u00eddricos (Inema) para atualizar a Pol\u00edtica de Mudan\u00e7as Clim\u00e1ticas do Estado da Bahia, institu\u00edda em 2011.<\/p>\n<p>O contrato com a ONG Governos Locais pela Sustentabilidade (ICLEI), financiado pelo Minist\u00e9rio P\u00fablico do Estado da Bahia, por meio da Promotoria Regional de Meio Ambiente da Costa do Cacau, ser\u00e1 assinado durante a 4a Reuni\u00e3o Ordin\u00e1ria do F\u00f3rum Baiano de Mudan\u00e7as Clim\u00e1ticas Globais e de Biodiversidade, presidido pelo secret\u00e1rio de Meio Ambiente, Jo\u00e3o Carlos Oliveira. No mesmo dia, \u00e0s 14h, o Grupo de Trabalho formado para esta finalidade j\u00e1 inicia os trabalhos junto com o ICLEI.<\/p>\n<p><!--more--><\/p>\n<p>Um Invent\u00e1rio de emiss\u00f5es diretas e indiretas de gases de efeito estufa \u00e9 a forma de quantificar o volume e as fontes de emiss\u00e3o de GEEs em um determinado territ\u00f3rio, seja de uma empresa, atividade, evento, processo, unidade, produto ou de um pa\u00eds, estado e cidade. A metodologia utilizava na Bahia para fazer esta quantifica\u00e7\u00e3o tem por base procedimentos e pr\u00e1ticas recomendadas por protocolos internacionais, como o GHG Protocol e outras normas, como a ISO 14064. Ap\u00f3s esta quantifica\u00e7\u00e3o se obt\u00e9m como resultado final a quantidade de toneladas de gases, principalmente de carbono, emitidas pelas principais atividades econ\u00f4micas da localidade, no caso, do estado.<\/p>\n<p>Os Invent\u00e1rios abrangem v\u00e1rias atividades nas quais estar\u00e3o classificadas cada fonte de emiss\u00e3o. Na Bahia, ser\u00e3o aferidas as emiss\u00f5es de GEEs de cinco setores produtivos: Energia; Transporte; Res\u00edduos S\u00f3lidos e E?uentes L\u00edquidos; Agricultura, Pecu\u00e1ria e outros usos do solo; e Processos Industriais. Ap\u00f3s o levantamento dos dados de cada setor, ser\u00e3o calculadas as emiss\u00f5es total e per capta de GEEs no estado.<\/p>\n<p>\u201cOs dados adquiridos nos invent\u00e1rios s\u00e3o vistos como determinantes para a implanta\u00e7\u00e3o de metas concretas na diminui\u00e7\u00e3o de emiss\u00f5es de GEEs, al\u00e9m de ser um instrumento norteador da elabora\u00e7\u00e3o e\/ou revis\u00e3o do Plano de Enfrentamento \u00e0s Mudan\u00e7as do Clima\u201d, lembra o secret\u00e1rio Jo\u00e3o Carlos, informando que, embora j\u00e1 existam c\u00e1lculos de emiss\u00e3o de GEEs no Brasil sobre a Bahia, todos eles se baseiam em estimativas e n\u00e3o em procedimentos espec\u00edficos aplicados no estado. A expectativa \u00e9 de que os Invent\u00e1rios de GEEs estejam conclu\u00eddos no segundo semestre deste ano.<\/p>\n","protected":false},"excerpt":{"rendered":"<p>A Bahia inicia nesta quarta-feira (14), \u00e0s 9h, a elabora\u00e7\u00e3o dos Invent\u00e1rios de Gases de Efeito Estufa (GEEs). Trata-se de um passo importante para a constru\u00e7\u00e3o do Plano Estadual de Enfrentamento \u00e0s Mudan\u00e7as Clim\u00e1ticas, uma vez que este instrumento representa a linha de base sobre a qual ir\u00e3o incidir as metas de redu\u00e7\u00e3o da emiss\u00e3o [&hellip;]<\/p>\n","protected":false},"author":2,"featured_media":0,"comment_status":"open","ping_status":"open","sticky":false,"template":"","format":"standard","meta":{"_links_to":"","_links_to_target":""},"categories":[1],"tags":[51,29706,19450],"_links":{"self":[{"href":"https:\/\/www.blogdothame.blog.br\/v1\/wp-json\/wp\/v2\/posts\/116216"}],"collection":[{"href":"https:\/\/www.blogdothame.blog.br\/v1\/wp-json\/wp\/v2\/posts"}],"about":[{"href":"https:\/\/www.blogdothame.blog.br\/v1\/wp-json\/wp\/v2\/types\/post"}],"author":[{"embeddable":true,"href":"https:\/\/www.blogdothame.blog.br\/v1\/wp-json\/wp\/v2\/users\/2"}],"replies":[{"embeddable":true,"href":"https:\/\/www.blogdothame.blog.br\/v1\/wp-json\/wp\/v2\/comments?post=116216"}],"version-history":[{"count":1,"href":"https:\/\/www.blogdothame.blog.br\/v1\/wp-json\/wp\/v2\/posts\/116216\/revisions"}],"predecessor-version":[{"id":116218,"href":"https:\/\/www.blogdothame.blog.br\/v1\/wp-json\/wp\/v2\/posts\/116216\/revisions\/116218"}],"wp:attachment":[{"href":"https:\/\/www.blogdothame.blog.br\/v1\/wp-json\/wp\/v2\/media?parent=116216"}],"wp:term":[{"taxonomy":"category","embeddable":true,"href":"https:\/\/www.blogdothame.blog.br\/v1\/wp-json\/wp\/v2\/categories?post=116216"},{"taxonomy":"post_tag","embeddable":true,"href":"https:\/\/www.blogdothame.blog.br\/v1\/wp-json\/wp\/v2\/tags?post=116216"}],"curies":[{"name":"wp","href":"https:\/\/api.w.org\/{rel}","templated":true}]}}