{"id":115396,"date":"2021-03-29T11:06:23","date_gmt":"2021-03-29T14:06:23","guid":{"rendered":"http:\/\/www.blogdothame.blog.br\/v1\/?p=115396"},"modified":"2021-03-29T11:07:42","modified_gmt":"2021-03-29T14:07:42","slug":"abi-lamenta-morte-de-pm-e-repudia-ameacas-contra-a-imprensa","status":"publish","type":"post","link":"https:\/\/www.blogdothame.blog.br\/v1\/2021\/03\/29\/abi-lamenta-morte-de-pm-e-repudia-ameacas-contra-a-imprensa\/","title":{"rendered":"ABI lamenta morte de PM e repudia amea\u00e7as contra a imprensa"},"content":{"rendered":"<p>A Associa\u00e7\u00e3o Bahiana de Imprensa lamenta que a imagem da Bahia ganhe o mundo por conta das cenas registradas na v\u00e9spera do anivers\u00e1rio de Salvador, tendo ao fundo um dos mais conhecidos cart\u00f5es postais da nossa capital, e se solidariza com familiares, amigos e colegas do policial executado. O abuso do conceito sempre reivindicado pelas autoridades da Seguran\u00e7a P\u00fablica, de \u201cuso progressivo da for\u00e7a\u201d desta vez teve um agente das for\u00e7as de seguran\u00e7a como v\u00edtima, mas cotidianamente cidad\u00e3s e cidad\u00e3os, protegidos pela Constitui\u00e7\u00e3o com a qual todos estamos comprometidos, s\u00e3o v\u00edtimas dos excessos e do abuso desproporcional da for\u00e7a de armamentos e muni\u00e7\u00f5es letais, comprados com dinheiro p\u00fablico e confiados a servidores civis e militares treinados e remunerados com a mesma fonte, qual seja, o trabalho de quem tem o direito de sentir protegido, em vez de amea\u00e7ado pelo Estado.<\/p>\n<p>A ABI repudia ainda, mais uma vez, as cenas de despreparo e absoluta irresponsabilidade dos policiais envolvidos na opera\u00e7\u00e3o de desfecho tr\u00e1gico para um dos seus, quando, a pretexto de isolar a \u00e1rea onde acontecia o cerco ao soldado em surto, as equipes de reportagem foram v\u00edtimas, felizmente n\u00e3o fatais, da mesma viol\u00eancia. N\u00e3o se pode esperar menos do que a identifica\u00e7\u00e3o, abertura de procedimentos disciplinares cab\u00edveis e puni\u00e7\u00e3o exemplar para os policiais que apontaram fuzis em dire\u00e7\u00e3o aos jornalistas e dispararam para o alto.<\/p>\n<p>N\u00e3o \u00e9 a primeira vez que a entidade denuncia e publicamente pede provid\u00eancias ao Comando-geral da corpora\u00e7\u00e3o e \u00e0 Secretaria de Seguran\u00e7a P\u00fablica, bem como ao comandante-em-chefe da Pol\u00edcia Militar, secret\u00e1rio da Seguran\u00e7a P\u00fablica e o Exmo. Sr. Governador do Estado, sobre a forma abusiva e afrontosa como s\u00e3o tratados os profissionais de imprensa no cumprimento do seu dever de reportar fatos de interesse p\u00fablico. Trata-se de chaga antiga e conhecida, que transcende mandatos e comandos. Cada caso semelhante, premiado com a reiterada impunidade, constitui-se em est\u00edmulo para novos abusos com potencial para se converterem em novas trag\u00e9dias.<\/p>\n<p>A ABI espera uma a\u00e7\u00e3o efetiva e imediata destas autoridades quanto a mais este epis\u00f3dio de abuso a suceder uma extensa lista de precedentes n\u00e3o menos absurdos.<\/p>\n<p>Ernesto Marques<br \/>\nPresidente \u2013 ABI<\/p>\n","protected":false},"excerpt":{"rendered":"<p>A Associa\u00e7\u00e3o Bahiana de Imprensa lamenta que a imagem da Bahia ganhe o mundo por conta das cenas registradas na v\u00e9spera do anivers\u00e1rio de Salvador, tendo ao fundo um dos mais conhecidos cart\u00f5es postais da nossa capital, e se solidariza com familiares, amigos e colegas do policial executado. O abuso do conceito sempre reivindicado pelas [&hellip;]<\/p>\n","protected":false},"author":2,"featured_media":0,"comment_status":"open","ping_status":"open","sticky":false,"template":"","format":"standard","meta":{"_links_to":"","_links_to_target":""},"categories":[1],"tags":[4151,965],"_links":{"self":[{"href":"https:\/\/www.blogdothame.blog.br\/v1\/wp-json\/wp\/v2\/posts\/115396"}],"collection":[{"href":"https:\/\/www.blogdothame.blog.br\/v1\/wp-json\/wp\/v2\/posts"}],"about":[{"href":"https:\/\/www.blogdothame.blog.br\/v1\/wp-json\/wp\/v2\/types\/post"}],"author":[{"embeddable":true,"href":"https:\/\/www.blogdothame.blog.br\/v1\/wp-json\/wp\/v2\/users\/2"}],"replies":[{"embeddable":true,"href":"https:\/\/www.blogdothame.blog.br\/v1\/wp-json\/wp\/v2\/comments?post=115396"}],"version-history":[{"count":1,"href":"https:\/\/www.blogdothame.blog.br\/v1\/wp-json\/wp\/v2\/posts\/115396\/revisions"}],"predecessor-version":[{"id":115397,"href":"https:\/\/www.blogdothame.blog.br\/v1\/wp-json\/wp\/v2\/posts\/115396\/revisions\/115397"}],"wp:attachment":[{"href":"https:\/\/www.blogdothame.blog.br\/v1\/wp-json\/wp\/v2\/media?parent=115396"}],"wp:term":[{"taxonomy":"category","embeddable":true,"href":"https:\/\/www.blogdothame.blog.br\/v1\/wp-json\/wp\/v2\/categories?post=115396"},{"taxonomy":"post_tag","embeddable":true,"href":"https:\/\/www.blogdothame.blog.br\/v1\/wp-json\/wp\/v2\/tags?post=115396"}],"curies":[{"name":"wp","href":"https:\/\/api.w.org\/{rel}","templated":true}]}}