{"id":11481,"date":"2012-07-27T17:18:28","date_gmt":"2012-07-27T20:18:28","guid":{"rendered":"http:\/\/www.blogdothame.blog.br\/v1\/?p=11481"},"modified":"2012-07-27T17:18:28","modified_gmt":"2012-07-27T20:18:28","slug":"alambique-homenageia-os-50-anos-do-abc-da-note","status":"publish","type":"post","link":"https:\/\/www.blogdothame.blog.br\/v1\/2012\/07\/27\/alambique-homenageia-os-50-anos-do-abc-da-note\/","title":{"rendered":"ALAMBIQUE HOMENAGEIA OS 50 ANOS DO ABC DA NOTE"},"content":{"rendered":"<p><a href=\"http:\/\/www.blogdothame.blog.br\/v1\/wp-content\/uploads\/2012\/07\/alambique-abc.jpg\"><img loading=\"lazy\" class=\"aligncenter size-medium wp-image-11483\" title=\"alambique abc\" src=\"http:\/\/www.blogdothame.blog.br\/v1\/wp-content\/uploads\/2012\/07\/alambique-abc-300x200.jpg\" alt=\"\" width=\"300\" height=\"200\" srcset=\"https:\/\/www.blogdothame.blog.br\/v1\/wp-content\/uploads\/2012\/07\/alambique-abc-300x200.jpg 300w, https:\/\/www.blogdothame.blog.br\/v1\/wp-content\/uploads\/2012\/07\/alambique-abc-1024x682.jpg 1024w, https:\/\/www.blogdothame.blog.br\/v1\/wp-content\/uploads\/2012\/07\/alambique-abc.jpg 1134w\" sizes=\"(max-width: 300px) 100vw, 300px\" \/><\/a><\/p>\n<p>A Academia de Letras, Artes, M\u00fasica, Birita, Inutilidades, Quimeras, Utopias, Etc. (ALAMBIQUE), prestou merecida homenagem ao ABC da Noite, que completa 50 anos de bons servi\u00e7os et\u00edlicos, sob o comando do Caboclo Alencar.<\/p>\n<p>Uma placa comemorativa ao cinq\u00fcenten\u00e1rio do ABC da Noite foi afixada na parede do bar, imortalizando esse momento especial na hist\u00f3ria da boemia itabunense.<\/p>\n<p>Mais uma entre as tantas e merecidas homenagens ao Caboclo Alencar.<\/p>\n","protected":false},"excerpt":{"rendered":"<p>A Academia de Letras, Artes, M\u00fasica, Birita, Inutilidades, Quimeras, Utopias, Etc. (ALAMBIQUE), prestou merecida homenagem ao ABC da Noite, que completa 50 anos de bons servi\u00e7os et\u00edlicos, sob o comando do Caboclo Alencar. Uma placa comemorativa ao cinq\u00fcenten\u00e1rio do ABC da Noite foi afixada na parede do bar, imortalizando esse momento especial na hist\u00f3ria da [&hellip;]<\/p>\n","protected":false},"author":2,"featured_media":0,"comment_status":"open","ping_status":"open","sticky":false,"template":"","format":"standard","meta":{"_links_to":"","_links_to_target":""},"categories":[1],"tags":[1946,2134,2135,2136,1945,2140,2137,39,814,2138,2139],"_links":{"self":[{"href":"https:\/\/www.blogdothame.blog.br\/v1\/wp-json\/wp\/v2\/posts\/11481"}],"collection":[{"href":"https:\/\/www.blogdothame.blog.br\/v1\/wp-json\/wp\/v2\/posts"}],"about":[{"href":"https:\/\/www.blogdothame.blog.br\/v1\/wp-json\/wp\/v2\/types\/post"}],"author":[{"embeddable":true,"href":"https:\/\/www.blogdothame.blog.br\/v1\/wp-json\/wp\/v2\/users\/2"}],"replies":[{"embeddable":true,"href":"https:\/\/www.blogdothame.blog.br\/v1\/wp-json\/wp\/v2\/comments?post=11481"}],"version-history":[{"count":1,"href":"https:\/\/www.blogdothame.blog.br\/v1\/wp-json\/wp\/v2\/posts\/11481\/revisions"}],"predecessor-version":[{"id":11484,"href":"https:\/\/www.blogdothame.blog.br\/v1\/wp-json\/wp\/v2\/posts\/11481\/revisions\/11484"}],"wp:attachment":[{"href":"https:\/\/www.blogdothame.blog.br\/v1\/wp-json\/wp\/v2\/media?parent=11481"}],"wp:term":[{"taxonomy":"category","embeddable":true,"href":"https:\/\/www.blogdothame.blog.br\/v1\/wp-json\/wp\/v2\/categories?post=11481"},{"taxonomy":"post_tag","embeddable":true,"href":"https:\/\/www.blogdothame.blog.br\/v1\/wp-json\/wp\/v2\/tags?post=11481"}],"curies":[{"name":"wp","href":"https:\/\/api.w.org\/{rel}","templated":true}]}}