{"id":114651,"date":"2021-03-17T11:06:55","date_gmt":"2021-03-17T14:06:55","guid":{"rendered":"http:\/\/www.blogdothame.blog.br\/v1\/?p=114651"},"modified":"2021-03-17T11:07:58","modified_gmt":"2021-03-17T14:07:58","slug":"governador-faz-apelo-para-que-municipios-cumpram-as-medidas-restritivas","status":"publish","type":"post","link":"https:\/\/www.blogdothame.blog.br\/v1\/2021\/03\/17\/governador-faz-apelo-para-que-municipios-cumpram-as-medidas-restritivas\/","title":{"rendered":"Governador faz apelo para que munic\u00edpios cumpram as medidas restritivas"},"content":{"rendered":"<p>Na manh\u00e3 desta quarta-feira (17), o governador Rui Costa fez um apelo aos prefeitos e prefeitas para que n\u00e3o flexibilizem as medidas restritivas e sigam cumprindo os decretos estaduais. Ele alertou que a situa\u00e7\u00e3o \u00e9 muito grave em todo o pa\u00eds e informou que, apesar de as taxas de crescimento e de cont\u00e1gio pela covid-19 terem diminu\u00eddo na Bahia nos \u00faltimos dias, a demanda por leitos de UTI ainda \u00e9 muito alta.<\/p>\n<!--[if lt IE 9]><script>document.createElement('audio');<\/script><![endif]-->\n<audio class=\"wp-audio-shortcode\" id=\"audio-114651-1\" preload=\"none\" style=\"width: 100%;\" controls=\"controls\"><source type=\"audio\/mpeg\" src=\"http:\/\/www.blogdothame.blog.br\/v1\/wp-content\/uploads\/2021\/03\/RUI-MEDIDAS-RESTRITIVAS-170321.mp3?_=1\" \/><a href=\"http:\/\/www.blogdothame.blog.br\/v1\/wp-content\/uploads\/2021\/03\/RUI-MEDIDAS-RESTRITIVAS-170321.mp3\">http:\/\/www.blogdothame.blog.br\/v1\/wp-content\/uploads\/2021\/03\/RUI-MEDIDAS-RESTRITIVAS-170321.mp3<\/a><\/audio>\n<p>&nbsp;<\/p>\n<p><span style=\"color: #222222; font-family: Arial, Helvetica, sans-serif; font-size: small;\">\u00a0<\/span><\/p>\n","protected":false},"excerpt":{"rendered":"<p>Na manh\u00e3 desta quarta-feira (17), o governador Rui Costa fez um apelo aos prefeitos e prefeitas para que n\u00e3o flexibilizem as medidas restritivas e sigam cumprindo os decretos estaduais. Ele alertou que a situa\u00e7\u00e3o \u00e9 muito grave em todo o pa\u00eds e informou que, apesar de as taxas de crescimento e de cont\u00e1gio pela covid-19 [&hellip;]<\/p>\n","protected":false},"author":2,"featured_media":0,"comment_status":"open","ping_status":"open","sticky":false,"template":"","format":"standard","meta":{"_links_to":"","_links_to_target":""},"categories":[1],"tags":[577,2069,615],"_links":{"self":[{"href":"https:\/\/www.blogdothame.blog.br\/v1\/wp-json\/wp\/v2\/posts\/114651"}],"collection":[{"href":"https:\/\/www.blogdothame.blog.br\/v1\/wp-json\/wp\/v2\/posts"}],"about":[{"href":"https:\/\/www.blogdothame.blog.br\/v1\/wp-json\/wp\/v2\/types\/post"}],"author":[{"embeddable":true,"href":"https:\/\/www.blogdothame.blog.br\/v1\/wp-json\/wp\/v2\/users\/2"}],"replies":[{"embeddable":true,"href":"https:\/\/www.blogdothame.blog.br\/v1\/wp-json\/wp\/v2\/comments?post=114651"}],"version-history":[{"count":1,"href":"https:\/\/www.blogdothame.blog.br\/v1\/wp-json\/wp\/v2\/posts\/114651\/revisions"}],"predecessor-version":[{"id":114653,"href":"https:\/\/www.blogdothame.blog.br\/v1\/wp-json\/wp\/v2\/posts\/114651\/revisions\/114653"}],"wp:attachment":[{"href":"https:\/\/www.blogdothame.blog.br\/v1\/wp-json\/wp\/v2\/media?parent=114651"}],"wp:term":[{"taxonomy":"category","embeddable":true,"href":"https:\/\/www.blogdothame.blog.br\/v1\/wp-json\/wp\/v2\/categories?post=114651"},{"taxonomy":"post_tag","embeddable":true,"href":"https:\/\/www.blogdothame.blog.br\/v1\/wp-json\/wp\/v2\/tags?post=114651"}],"curies":[{"name":"wp","href":"https:\/\/api.w.org\/{rel}","templated":true}]}}