{"id":112972,"date":"2021-02-18T17:00:14","date_gmt":"2021-02-18T20:00:14","guid":{"rendered":"http:\/\/www.blogdothame.blog.br\/v1\/?p=112972"},"modified":"2021-02-18T15:39:28","modified_gmt":"2021-02-18T18:39:28","slug":"coelba-inicia-entrega-de-refrigeradores-para-vacinas-na-bahia","status":"publish","type":"post","link":"https:\/\/www.blogdothame.blog.br\/v1\/2021\/02\/18\/coelba-inicia-entrega-de-refrigeradores-para-vacinas-na-bahia\/","title":{"rendered":"Coelba inicia entrega de refrigeradores para vacinas na Bahia"},"content":{"rendered":"<p><img loading=\"lazy\" class=\"alignright size-medium wp-image-112973\" src=\"http:\/\/www.blogdothame.blog.br\/v1\/wp-content\/uploads\/2021\/02\/coelba-refri-300x187.jpg\" alt=\"coelba refri\" width=\"300\" height=\"187\" srcset=\"https:\/\/www.blogdothame.blog.br\/v1\/wp-content\/uploads\/2021\/02\/coelba-refri-300x187.jpg 300w, https:\/\/www.blogdothame.blog.br\/v1\/wp-content\/uploads\/2021\/02\/coelba-refri.jpg 495w\" sizes=\"(max-width: 300px) 100vw, 300px\" \/>A Coelba iniciou, nesta quinta-feira (18), a doa\u00e7\u00e3o dos 296 refrigeradores cient\u00edficos destinados aos munic\u00edpios baianos para armazenar as vacinas contra a Covid-19. A primeira remessa desses equipamentos j\u00e1 se encontra em Feira de Santana e ser\u00e1 entregue aos munic\u00edpios de Alcoba\u00e7a, Antas, Coronel Jo\u00e3o S\u00e1, Cris\u00f3polis, Irajuba, Macajuba e V\u00e1rzea da Ro\u00e7a.<\/p>\n<p>A distribui\u00e7\u00e3o ser\u00e1 gradativa e a previs\u00e3o \u00e9 que as demais cidades contempladas com a doa\u00e7\u00e3o devem receber as c\u00e2maras de refrigera\u00e7\u00e3o at\u00e9 o final do m\u00eas de mar\u00e7o.\u00a0A iniciativa levou em considera\u00e7\u00e3o as cidades com os menores \u00cdndices de Desenvolvimento Humano Municipal (IDHM) e faz parte do Programa de Efici\u00eancia Energ\u00e9tica (PEE) regulado pela Ag\u00eancia Nacional de Efici\u00eancia Energ\u00e9tica (Aneel).<\/p>\n<p>A doa\u00e7\u00e3o desses equipamentos totaliza R$ 3,1 milh\u00f5es, que se somam \u00e0s outras a\u00e7\u00f5es j\u00e1 realizadas pela empresa voltadas ao combate da pandemia como a compra de testes em parceria com a Fiocruz e doa\u00e7\u00e3o de respiradores, num montante que j\u00e1 alcan\u00e7a R$ 20 milh\u00f5es nas distribuidoras da Neoenergia: Coelba (BA), Celpe (PE), Cosern (RN) e Elektro (SP\/MS).<\/p>\n<p><!--more--><\/p>\n<p>\u201cA vacina\u00e7\u00e3o \u00e9, nesse momento, a principal a\u00e7\u00e3o de combate \u00e0 pandemia de Covid-19, por isso estamos apoiando os munic\u00edpios da nossa \u00e1rea de concess\u00e3o que necessitam dos refrigeradores adequados para o armazenamento da vacina. A iniciativa reafirma o nosso compromisso social da Companhia com os baianos,\u00a0afirma Luiz\u00a0 Ant\u00f4nio Ciarlini, diretor presidente da Coelba.<\/p>\n<p>Os novos refrigeradores ser\u00e3o destinados aos munic\u00edpios atendidos pela Coelba que possuem IDHM at\u00e9 0,61. Ser\u00e3o beneficiados 296 munic\u00edpios baianos. Respons\u00e1veis pela gest\u00e3o dos programas de imuniza\u00e7\u00e3o, o governo do estado e a prefeitura de Salvador, parceiros na a\u00e7\u00e3o, receber\u00e3o, cada um, dois refrigeradores com capacidade de 280 litros e 420 litros respectivamente, totalizando 300 refrigeradores doados.<\/p>\n<p>A instala\u00e7\u00e3o de cada refrigerador cient\u00edfico deve injetar no sistema el\u00e9trico uma carga de 89 kW e consumo anual de 781 MWh, que ser\u00e1\u00a0compensado com o recolhimento, em cada munic\u00edpio, de dois\u00a0equipamentos de refrigera\u00e7\u00e3o antigos e doa\u00e7\u00e3o de l\u00e2mpadas eficientes para postos de sa\u00fade, hospitais e\u00a0para consumidores residenciais baixa renda.<\/p>\n<p>Os refrigeradores cient\u00edficos t\u00eam temperatura program\u00e1vel e constante entre 2\u00b0C e 8\u00b0C, al\u00e9m de alarmes para avisar em caso de interrup\u00e7\u00e3o de energia e baterias recarreg\u00e1veis para suprir o frio em caso de eventual intercorr\u00eancia, com autonomia de at\u00e9 12 horas. Os equipamentos tamb\u00e9m possuem sensores e um sistema de alarme remoto a dist\u00e2ncia, que realiza chamadas telef\u00f4nicas se houver uma queda de temperatura ou a bateria estiver em um n\u00edvel baixo.<\/p>\n<p>As c\u00e2maras de conserva\u00e7\u00e3o s\u00e3o de fabrica\u00e7\u00e3o nacional e t\u00eam capacidade de 280 litros, suficientes para armazenar cerca de 18 mil doses de 0,5 ml.<\/p>\n<p>Sustentabilidade<\/p>\n<p>Para receber os novos equipamentos, os governos municipais e estaduais devem entregar refrigeradores e freezers antigos para a Coelba. A companhia ir\u00e1 retirar subst\u00e2ncias como os gases CFC (clorofluorocarboneto), que podem contribuir com o efeito estufa, e fazer o descarte correto dos equipamentos.<\/p>\n<p>\u201cAo utilizar como estrat\u00e9gia o recebimento dos equipamentos de refrigera\u00e7\u00e3o antigos e n\u00e3o adequados para conserva\u00e7\u00e3o das vacinas, estamos compensando o acr\u00e9scimo de carga de 89 kW. A iniciativa da Coelba \u00e9 de extrema import\u00e2ncia social para as regi\u00f5es onde atuamos e est\u00e1 alinhada aos compromissos do grupo de combate \u00e0s mudan\u00e7as clim\u00e1ticas e ao desperd\u00edcio de energia\u201d,\u00a0enfatiza Ana Christina Mascarenhas, gerente de Efici\u00eancia Energ\u00e9tica da Coelba.<\/p>\n<p>Troca de l\u00e2mpadas<\/p>\n<p>Os munic\u00edpios que v\u00e3o receber os novos refrigeradores para vacinas contar\u00e3o tamb\u00e9m com a\u00e7\u00f5es de trocas de l\u00e2mpadas por modelos de LED, mais eficientes. Ao longo de um ano e meio, ser\u00e3o substitu\u00eddas cerca de 50 mil l\u00e2mpadas de postos e unidades de sa\u00fade e mais 15 mil diretamente para a popula\u00e7\u00e3o de baixa renda. Com isso, tanto as prefeituras quanto os moradores dessas cidades poder\u00e3o economizar na conta de energia e adotar h\u00e1bitos mais sustent\u00e1veis.<\/p>\n","protected":false},"excerpt":{"rendered":"<p>A Coelba iniciou, nesta quinta-feira (18), a doa\u00e7\u00e3o dos 296 refrigeradores cient\u00edficos destinados aos munic\u00edpios baianos para armazenar as vacinas contra a Covid-19. A primeira remessa desses equipamentos j\u00e1 se encontra em Feira de Santana e ser\u00e1 entregue aos munic\u00edpios de Alcoba\u00e7a, Antas, Coronel Jo\u00e3o S\u00e1, Cris\u00f3polis, Irajuba, Macajuba e V\u00e1rzea da Ro\u00e7a. A distribui\u00e7\u00e3o [&hellip;]<\/p>\n","protected":false},"author":2,"featured_media":0,"comment_status":"open","ping_status":"open","sticky":false,"template":"","format":"standard","meta":{"_links_to":"","_links_to_target":""},"categories":[1],"tags":[51,858,29145,28250],"_links":{"self":[{"href":"https:\/\/www.blogdothame.blog.br\/v1\/wp-json\/wp\/v2\/posts\/112972"}],"collection":[{"href":"https:\/\/www.blogdothame.blog.br\/v1\/wp-json\/wp\/v2\/posts"}],"about":[{"href":"https:\/\/www.blogdothame.blog.br\/v1\/wp-json\/wp\/v2\/types\/post"}],"author":[{"embeddable":true,"href":"https:\/\/www.blogdothame.blog.br\/v1\/wp-json\/wp\/v2\/users\/2"}],"replies":[{"embeddable":true,"href":"https:\/\/www.blogdothame.blog.br\/v1\/wp-json\/wp\/v2\/comments?post=112972"}],"version-history":[{"count":1,"href":"https:\/\/www.blogdothame.blog.br\/v1\/wp-json\/wp\/v2\/posts\/112972\/revisions"}],"predecessor-version":[{"id":112974,"href":"https:\/\/www.blogdothame.blog.br\/v1\/wp-json\/wp\/v2\/posts\/112972\/revisions\/112974"}],"wp:attachment":[{"href":"https:\/\/www.blogdothame.blog.br\/v1\/wp-json\/wp\/v2\/media?parent=112972"}],"wp:term":[{"taxonomy":"category","embeddable":true,"href":"https:\/\/www.blogdothame.blog.br\/v1\/wp-json\/wp\/v2\/categories?post=112972"},{"taxonomy":"post_tag","embeddable":true,"href":"https:\/\/www.blogdothame.blog.br\/v1\/wp-json\/wp\/v2\/tags?post=112972"}],"curies":[{"name":"wp","href":"https:\/\/api.w.org\/{rel}","templated":true}]}}