{"id":112056,"date":"2021-02-01T15:47:04","date_gmt":"2021-02-01T18:47:04","guid":{"rendered":"http:\/\/www.blogdothame.blog.br\/v1\/?p=112056"},"modified":"2021-02-01T15:47:04","modified_gmt":"2021-02-01T18:47:04","slug":"um-dia-antes-da-abertura-vereadores-se-reunem-para-detalhar-regimento-interno-e-debater-a-lom","status":"publish","type":"post","link":"https:\/\/www.blogdothame.blog.br\/v1\/2021\/02\/01\/um-dia-antes-da-abertura-vereadores-se-reunem-para-detalhar-regimento-interno-e-debater-a-lom\/","title":{"rendered":"Um dia antes da abertura, vereadores se re\u00fanem   para detalhar Regimento Interno e debater a LOM"},"content":{"rendered":"<p><img loading=\"lazy\" class=\"alignright size-medium wp-image-112057\" src=\"http:\/\/www.blogdothame.blog.br\/v1\/wp-content\/uploads\/2021\/02\/reuni\u00e3o-camara-300x169.jpg\" alt=\"reuni\u00e3o camara\" width=\"300\" height=\"169\" srcset=\"https:\/\/www.blogdothame.blog.br\/v1\/wp-content\/uploads\/2021\/02\/reuni\u00e3o-camara-300x169.jpg 300w, https:\/\/www.blogdothame.blog.br\/v1\/wp-content\/uploads\/2021\/02\/reuni\u00e3o-camara.jpg 800w\" sizes=\"(max-width: 300px) 100vw, 300px\" \/>Um dia antes da abertura oficial dos trabalhos legislativos em Ilh\u00e9us, que ocorre nesta ter\u00e7a (02) \u00e0s 16 horas, o presidente da C\u00e2mara de Vereadores, Jerbson Moraes, promoveu um caf\u00e9 da manh\u00e3, hoje (01), para apresentar aos parlamentares detalhes do funcionamento do Regimento Interno da Casa e da Lei Org\u00e2nica do Munic\u00edpio.<\/p>\n<p>\u201cTemos a necessidade de mostrar aos vereadores que estamos na busca permanente para que tenhamos uma gest\u00e3o aberta \u00e0s mudan\u00e7as que representem a valoriza\u00e7\u00e3o do Poder Legislativo e ao entendimento entre os seus pares\u201d, disse, acrescentando que n\u00e3o s\u00e3o medidas para impor, mas atitudes para ajudar ao bom funcionamento da C\u00e2mara.<\/p>\n<p>Na oportunidade, o presidente explicou como ser\u00e1 a primeira sess\u00e3o, que contar\u00e1 com a participa\u00e7\u00e3o do prefeito de Ilh\u00e9us, M\u00e1rio Alexandre. Reeleito para mais quatro anos no comando administrativo da cidade, o prefeito vai apresentar mensagem contendo um diagn\u00f3stico econ\u00f4mico e social da cidade e quais os planos para o exerc\u00edcio de 2021. Na quarta, os vereadores iniciar\u00e3o a elei\u00e7\u00e3o para a escolha dos membros das Comiss\u00f5es T\u00e9cnicas da Casa.<\/p>\n<p><!--more--><\/p>\n<p>Grupos criados<\/p>\n<p>Durante o encontro de hoje pela manh\u00e3, foi oficializado o grupo da base governista, de apoio ao prefeito M\u00e1rio Alexandre, composto por seis partidos presentes (PSD, PSB, PV, PSL, Podemos, Republicanos), al\u00e9m do bloco parlamentar PT\/PCdoB, com tr\u00eas vereadores e as siglas que se posicionaram na condi\u00e7\u00e3o de independentes: DEM, PTB e PSDB.<\/p>\n<p>Com medidas de seguran\u00e7a sanit\u00e1ria impostas por conta da Covid-19, o acesso ao p\u00fablico ser\u00e1 limitado \u00e0 50 pessoas no plen\u00e1rio Gilberto Fialho. Mas as sess\u00f5es de ter\u00e7a e quarta-feiras ser\u00e3o transmitidas\u00a0online, pelas p\u00e1ginas das redes sociais da C\u00e2mara (Instagram e Youtube). Os links ser\u00e3o disponibilizados amanh\u00e3, por volta do meio-dia.<\/p>\n<p>Medida bem recebida<\/p>\n<p>Vereadora de primeiro mandato, a professora Enilda Mendon\u00e7a elogiou o encontro de hoje e disse que um come\u00e7o desta forma \u00e9 fundamental por que cria-se expectativa de organiza\u00e7\u00e3o, como as coisas ir\u00e3o acontecer. \u201cPassa tamb\u00e9m a ideia da diversidade na pol\u00edtica e da unidade no objetivo de fazer um legislativo mais forte\u201d, elogiou.<\/p>\n<p>Um dos mais experientes vereadores da Casa, Ivo Evangelista, cumprindo o seu quarto mandato, disse que um dos grandes desafios da C\u00e2mara \u00e9, desde o in\u00edcio do mandato, trabalhar na conscientiza\u00e7\u00e3o de mostrar a real fun\u00e7\u00e3o do Poder Legislativo. \u201cCrescer com responsabilidade e com a vis\u00e3o de que o poder p\u00fablico pertence, de fato, ao povo\u201d.<\/p>\n<p>Outro vereador experiente, Paulo Carqueija, no exerc\u00edcio do seu terceiro mandato, disse que iniciativas como a do presidente Jerbson Moraes, facilitam a conviv\u00eancia no plen\u00e1rio \u201cmesmo os parlamentares navegando no mundo natural das diverg\u00eancias pol\u00edticas\u201d. Quem tamb\u00e9m elogiou a iniciativa foi o vereador Edvaldo Gomes. \u201cEssa intera\u00e7\u00e3o cria expectativa para que conhe\u00e7amos melhor o modelo de condu\u00e7\u00e3o da Mesa Diretora nos pr\u00f3ximos dois anos\u201d, afirmou.<\/p>\n","protected":false},"excerpt":{"rendered":"<p>Um dia antes da abertura oficial dos trabalhos legislativos em Ilh\u00e9us, que ocorre nesta ter\u00e7a (02) \u00e0s 16 horas, o presidente da C\u00e2mara de Vereadores, Jerbson Moraes, promoveu um caf\u00e9 da manh\u00e3, hoje (01), para apresentar aos parlamentares detalhes do funcionamento do Regimento Interno da Casa e da Lei Org\u00e2nica do Munic\u00edpio. \u201cTemos a necessidade [&hellip;]<\/p>\n","protected":false},"author":2,"featured_media":0,"comment_status":"open","ping_status":"open","sticky":false,"template":"","format":"standard","meta":{"_links_to":"","_links_to_target":""},"categories":[1],"tags":[6466],"_links":{"self":[{"href":"https:\/\/www.blogdothame.blog.br\/v1\/wp-json\/wp\/v2\/posts\/112056"}],"collection":[{"href":"https:\/\/www.blogdothame.blog.br\/v1\/wp-json\/wp\/v2\/posts"}],"about":[{"href":"https:\/\/www.blogdothame.blog.br\/v1\/wp-json\/wp\/v2\/types\/post"}],"author":[{"embeddable":true,"href":"https:\/\/www.blogdothame.blog.br\/v1\/wp-json\/wp\/v2\/users\/2"}],"replies":[{"embeddable":true,"href":"https:\/\/www.blogdothame.blog.br\/v1\/wp-json\/wp\/v2\/comments?post=112056"}],"version-history":[{"count":1,"href":"https:\/\/www.blogdothame.blog.br\/v1\/wp-json\/wp\/v2\/posts\/112056\/revisions"}],"predecessor-version":[{"id":112058,"href":"https:\/\/www.blogdothame.blog.br\/v1\/wp-json\/wp\/v2\/posts\/112056\/revisions\/112058"}],"wp:attachment":[{"href":"https:\/\/www.blogdothame.blog.br\/v1\/wp-json\/wp\/v2\/media?parent=112056"}],"wp:term":[{"taxonomy":"category","embeddable":true,"href":"https:\/\/www.blogdothame.blog.br\/v1\/wp-json\/wp\/v2\/categories?post=112056"},{"taxonomy":"post_tag","embeddable":true,"href":"https:\/\/www.blogdothame.blog.br\/v1\/wp-json\/wp\/v2\/tags?post=112056"}],"curies":[{"name":"wp","href":"https:\/\/api.w.org\/{rel}","templated":true}]}}