{"id":11196,"date":"2012-07-18T14:24:27","date_gmt":"2012-07-18T17:24:27","guid":{"rendered":"http:\/\/www.blogdothame.blog.br\/v1\/?p=11196"},"modified":"2012-07-18T14:24:27","modified_gmt":"2012-07-18T17:24:27","slug":"50-anos-do-abc-da-noite-haja-batida-caboclo","status":"publish","type":"post","link":"https:\/\/www.blogdothame.blog.br\/v1\/2012\/07\/18\/50-anos-do-abc-da-noite-haja-batida-caboclo\/","title":{"rendered":"50 ANOS DO ABC DA NOITE. HAJA BATIDA, CABOCLO!"},"content":{"rendered":"<div id=\"attachment_11198\" style=\"width: 273px\" class=\"wp-caption aligncenter\"><a href=\"http:\/\/www.blogdothame.blog.br\/v1\/wp-content\/uploads\/2012\/07\/alencar.jpg\"><img aria-describedby=\"caption-attachment-11198\" loading=\"lazy\" class=\"size-full wp-image-11198\" title=\"alencar\" src=\"http:\/\/www.blogdothame.blog.br\/v1\/wp-content\/uploads\/2012\/07\/alencar.jpg\" alt=\"\" width=\"263\" height=\"212\" \/><\/a><p id=\"caption-attachment-11198\" class=\"wp-caption-text\">O Caboclo Alencar e uma de suas obras primas<\/p><\/div>\n<p>Dia 27 de julho \u00e9 dia de festa no Beco do Fuxico, reduto da bo\u00eamia itabunense. O bar ABC da Noite, do Caboclo Alencar, estar\u00e1 comemorando 50 anos de funda\u00e7\u00e3o, com direito a inaugura\u00e7\u00e3o de uma placa, iniciativa do advogado Gabriel Nunes, \u201cabecezeiro\u201d das antigas.<\/p>\n<p>A clientela do ABC da Noite \u00e9 formada \u00a0por \u00a0banc\u00e1rios, jornalistas, literatos, m\u00e9dicos, comerci\u00e1rios, servidores p\u00fablicos, professores, estudantes universit\u00e1rios, enfim, os apreciadores de um bom \u00a0papo e das batidas sem igual na gal\u00e1xia, sob as b\u00ean\u00e7\u00e3os do Caboclo Alencar, nascido Alencar Pereira da Silva, em Sorocaba, interior de S\u00e3o Paulo, mas que mora em Itabuna desde os 3 anos de idade, portanto um leg\u00edtimo grapiuna.<\/p>\n<p>Como diriam os colunistas sociais de antanho, o ABC da Noite, ber\u00e7o da funda\u00e7\u00e3o da Academia de Letras, Artes, M\u00fasica, Birita, Inutilidades, Quimeras, Utopias, Etc., a Alambique, ser\u00e1 pequeno\u00a0 para receber tantos amigos do Caboclo e, per supuesto, de suas batidas, entre elas a antol\u00f3gica batida de maracuj\u00e1.<\/p>\n<p>A bebemora\u00e7\u00e3o come\u00e7a \u00e0s 18 horas.<\/p>\n<p>&nbsp;<\/p>\n<p>&nbsp;<\/p>\n","protected":false},"excerpt":{"rendered":"<p>Dia 27 de julho \u00e9 dia de festa no Beco do Fuxico, reduto da bo\u00eamia itabunense. O bar ABC da Noite, do Caboclo Alencar, estar\u00e1 comemorando 50 anos de funda\u00e7\u00e3o, com direito a inaugura\u00e7\u00e3o de uma placa, iniciativa do advogado Gabriel Nunes, \u201cabecezeiro\u201d das antigas. A clientela do ABC da Noite \u00e9 formada \u00a0por \u00a0banc\u00e1rios, [&hellip;]<\/p>\n","protected":false},"author":2,"featured_media":0,"comment_status":"open","ping_status":"open","sticky":false,"template":"","format":"standard","meta":{"_links_to":"","_links_to_target":""},"categories":[1],"tags":[1946,51,1076,1945,39],"_links":{"self":[{"href":"https:\/\/www.blogdothame.blog.br\/v1\/wp-json\/wp\/v2\/posts\/11196"}],"collection":[{"href":"https:\/\/www.blogdothame.blog.br\/v1\/wp-json\/wp\/v2\/posts"}],"about":[{"href":"https:\/\/www.blogdothame.blog.br\/v1\/wp-json\/wp\/v2\/types\/post"}],"author":[{"embeddable":true,"href":"https:\/\/www.blogdothame.blog.br\/v1\/wp-json\/wp\/v2\/users\/2"}],"replies":[{"embeddable":true,"href":"https:\/\/www.blogdothame.blog.br\/v1\/wp-json\/wp\/v2\/comments?post=11196"}],"version-history":[{"count":2,"href":"https:\/\/www.blogdothame.blog.br\/v1\/wp-json\/wp\/v2\/posts\/11196\/revisions"}],"predecessor-version":[{"id":11200,"href":"https:\/\/www.blogdothame.blog.br\/v1\/wp-json\/wp\/v2\/posts\/11196\/revisions\/11200"}],"wp:attachment":[{"href":"https:\/\/www.blogdothame.blog.br\/v1\/wp-json\/wp\/v2\/media?parent=11196"}],"wp:term":[{"taxonomy":"category","embeddable":true,"href":"https:\/\/www.blogdothame.blog.br\/v1\/wp-json\/wp\/v2\/categories?post=11196"},{"taxonomy":"post_tag","embeddable":true,"href":"https:\/\/www.blogdothame.blog.br\/v1\/wp-json\/wp\/v2\/tags?post=11196"}],"curies":[{"name":"wp","href":"https:\/\/api.w.org\/{rel}","templated":true}]}}