{"id":111704,"date":"2021-01-25T09:09:50","date_gmt":"2021-01-25T12:09:50","guid":{"rendered":"http:\/\/www.blogdothame.blog.br\/v1\/?p=111704"},"modified":"2021-01-25T10:02:44","modified_gmt":"2021-01-25T13:02:44","slug":"111704","status":"publish","type":"post","link":"https:\/\/www.blogdothame.blog.br\/v1\/2021\/01\/25\/111704\/","title":{"rendered":"Ilh\u00e9us ter\u00e1 Sarau do Fim do Mundo"},"content":{"rendered":"<p><img loading=\"lazy\" class=\"alignright size-medium wp-image-111705\" src=\"http:\/\/www.blogdothame.blog.br\/v1\/wp-content\/uploads\/2021\/01\/saraau-fm-300x169.jpg\" alt=\"saraau fm\" width=\"300\" height=\"169\" srcset=\"https:\/\/www.blogdothame.blog.br\/v1\/wp-content\/uploads\/2021\/01\/saraau-fm-300x169.jpg 300w, https:\/\/www.blogdothame.blog.br\/v1\/wp-content\/uploads\/2021\/01\/saraau-fm.jpg 500w\" sizes=\"(max-width: 300px) 100vw, 300px\" \/>O cen\u00e1rio musical do Litoral Sul da Bahia vem se destacando nos \u00faltimos anos atrav\u00e9s de novos compositores, m\u00fasicos e int\u00e9rpretes que se dedicam a pesquisar a m\u00fasica em suas diversas vertentes. Assim, em fevereiro de 2021 acontece a vers\u00e3o virtual do Sarau do Fim do Mundo, um festival de m\u00fasica que apresenta compositores, m\u00fasicos, instrumentistas de Ilh\u00e9us e Itabuna que trazem, al\u00e9m de suas m\u00fasicas, um questionamento: o que fazer \u00e0s v\u00e9speras do apocalipse? Do samba ao rap, do MPB ao soul, do rock ao reggae, trata-se de um registro hist\u00f3rico da m\u00fasica atual do sul da Bahia, apresentando a diversidade musical da regi\u00e3o.<\/p>\n<p>Direcionado para todos os p\u00fablicos, o Sarau do Fim do Mundo tem o objetivo de reunir, em ambiente virtual, express\u00f5es da m\u00fasica baiana em atividade, com apresenta\u00e7\u00f5es solo, transmitidas em isolamento social, retratando a diversidade da produ\u00e7\u00e3o regional. O evento contar\u00e1 com mais de 40 m\u00fasicos convidados, e ser\u00e3o realizados bate-papos ao vivo seguidos da exibi\u00e7\u00e3o de videoclipes desses artistas. S\u00e3o 4 edi\u00e7\u00f5es entre 6 e 27 de fevereiro, sempre aos s\u00e1bados, \u00e0s 19 horas.<\/p>\n<p><!--more--><br \/>\nOutro aspecto desse projeto \u00e9 o fato de todos os participantes se apresentarem com can\u00e7\u00f5es autorais. Afinal, se j\u00e1 n\u00e3o \u00e9 uma tarefa simples a de compor, mais dif\u00edcil ainda \u00e9 difundir as composi\u00e7\u00f5es. Em geral, as emissoras de r\u00e1dio e tv d\u00e3o espa\u00e7o a compositores e int\u00e9rpretes consagrados. \u00c9 fundamental a cria\u00e7\u00e3o de espa\u00e7os onde compositores e int\u00e9rpretes possam compartilhar sua produ\u00e7\u00e3o.<\/p>\n<p><!--more--><\/p>\n<p>Se apresentar\u00e3o 4 artistas ou grupos por noite, e abrindo a primeira edi\u00e7\u00e3o, no dia 6 de fevereiro se apresentar\u00e3o os m\u00fasicos Dr. Imbira, Brena Gon\u00e7alves, Ismera Rock e Billyfat Mc. No dia 13 \u00e9 a vez de Gabriela Maja, Zezo Maltez &amp; Victor Santana, PH do Acordeon e Mulheres em Dom\u00ednio P\u00fablico. Dia 20 se apresentam Lab da Mata, Eloah Monteiro, Brisa &amp; Mither e Ayam Ubr\u00e1is Barco. Por fim, no dia 27 quem desfecha o evento \u00e9 Circo da Lua, Herval Lemos, Rao e Cjay.<\/p>\n<p>Com curadoria e apresenta\u00e7\u00e3o do m\u00fasico, multi-instrumentista e compositor Cabe\u00e7a Isidoro, que tamb\u00e9m \u00e9 o proponente do projeto e membro do Teatro Popular de Ilh\u00e9us, o Sarau ainda prop\u00f5e que os m\u00fasicos da nossa regi\u00e3o promovam o debate sobre a produ\u00e7\u00e3o musical no contexto da pandemia. A transmiss\u00e3o do evento ser\u00e1 feita de forma inteiramente gratuita atrav\u00e9s do canal do Teatro Popular de Ilh\u00e9us no Youtube atrav\u00e9s do link\u00a0<a href=\"http:\/\/www.youtube.com\/teatropopulardeilheus\" target=\"_blank\">www.youtube.com\/teatropopulardeilheus<\/a><\/p>\n<p>.Al\u00e9m disso, ap\u00f3s as apresenta\u00e7\u00f5es ao vivo, a grava\u00e7\u00e3o ficar\u00e1 dispon\u00edvel para acesso posterior.<\/p>\n<p>O projeto tem apoio financeiro do Estado da Bahia atrav\u00e9s da Secretaria de Cultura e da Funda\u00e7\u00e3o Cultural do Estado da Bahia (Programa Aldir Blanc Bahia) via Lei Aldir Blanc, direcionada pela Secretaria Especial da Cultura do Minist\u00e9rio do Turismo, Governo Federal.<\/p>\n","protected":false},"excerpt":{"rendered":"<p>O cen\u00e1rio musical do Litoral Sul da Bahia vem se destacando nos \u00faltimos anos atrav\u00e9s de novos compositores, m\u00fasicos e int\u00e9rpretes que se dedicam a pesquisar a m\u00fasica em suas diversas vertentes. Assim, em fevereiro de 2021 acontece a vers\u00e3o virtual do Sarau do Fim do Mundo, um festival de m\u00fasica que apresenta compositores, m\u00fasicos, [&hellip;]<\/p>\n","protected":false},"author":2,"featured_media":0,"comment_status":"open","ping_status":"open","sticky":false,"template":"","format":"standard","meta":{"_links_to":"","_links_to_target":""},"categories":[1],"tags":[218,28935],"_links":{"self":[{"href":"https:\/\/www.blogdothame.blog.br\/v1\/wp-json\/wp\/v2\/posts\/111704"}],"collection":[{"href":"https:\/\/www.blogdothame.blog.br\/v1\/wp-json\/wp\/v2\/posts"}],"about":[{"href":"https:\/\/www.blogdothame.blog.br\/v1\/wp-json\/wp\/v2\/types\/post"}],"author":[{"embeddable":true,"href":"https:\/\/www.blogdothame.blog.br\/v1\/wp-json\/wp\/v2\/users\/2"}],"replies":[{"embeddable":true,"href":"https:\/\/www.blogdothame.blog.br\/v1\/wp-json\/wp\/v2\/comments?post=111704"}],"version-history":[{"count":3,"href":"https:\/\/www.blogdothame.blog.br\/v1\/wp-json\/wp\/v2\/posts\/111704\/revisions"}],"predecessor-version":[{"id":111708,"href":"https:\/\/www.blogdothame.blog.br\/v1\/wp-json\/wp\/v2\/posts\/111704\/revisions\/111708"}],"wp:attachment":[{"href":"https:\/\/www.blogdothame.blog.br\/v1\/wp-json\/wp\/v2\/media?parent=111704"}],"wp:term":[{"taxonomy":"category","embeddable":true,"href":"https:\/\/www.blogdothame.blog.br\/v1\/wp-json\/wp\/v2\/categories?post=111704"},{"taxonomy":"post_tag","embeddable":true,"href":"https:\/\/www.blogdothame.blog.br\/v1\/wp-json\/wp\/v2\/tags?post=111704"}],"curies":[{"name":"wp","href":"https:\/\/api.w.org\/{rel}","templated":true}]}}