{"id":110570,"date":"2020-12-30T15:29:26","date_gmt":"2020-12-30T18:29:26","guid":{"rendered":"http:\/\/www.blogdothame.blog.br\/v1\/?p=110570"},"modified":"2020-12-30T15:29:26","modified_gmt":"2020-12-30T18:29:26","slug":"atuacao-politica-da-anvisa-e-desastre-na-conducao-do-governo-federal-atrasam-vacinacao-no-brasil-diz-rui-costa","status":"publish","type":"post","link":"https:\/\/www.blogdothame.blog.br\/v1\/2020\/12\/30\/atuacao-politica-da-anvisa-e-desastre-na-conducao-do-governo-federal-atrasam-vacinacao-no-brasil-diz-rui-costa\/","title":{"rendered":"Atua\u00e7\u00e3o pol\u00edtica da Anvisa e desastre na condu\u00e7\u00e3o do Governo Federal atrasam vacina\u00e7\u00e3o no Brasil, diz Rui Costa"},"content":{"rendered":"<p><img loading=\"lazy\" class=\"alignright size-medium wp-image-109645\" src=\"http:\/\/www.blogdothame.blog.br\/v1\/wp-content\/uploads\/2020\/12\/rui-300x203.jpg\" alt=\"rui\" width=\"300\" height=\"203\" srcset=\"https:\/\/www.blogdothame.blog.br\/v1\/wp-content\/uploads\/2020\/12\/rui-300x203.jpg 300w, https:\/\/www.blogdothame.blog.br\/v1\/wp-content\/uploads\/2020\/12\/rui-1024x694.jpg 1024w, https:\/\/www.blogdothame.blog.br\/v1\/wp-content\/uploads\/2020\/12\/rui.jpg 1083w\" sizes=\"(max-width: 300px) 100vw, 300px\" \/><\/p>\n<p>Em agenda na cidade de Catu nesta quarta-feira (30), o governador Rui Costa criticou a demora do Governo Federal para iniciar a vacina\u00e7\u00e3o contra o coronav\u00edrus e apontou a atua\u00e7\u00e3o pol\u00edtica da Anvisa como fator de atraso para a imuniza\u00e7\u00e3o dos brasileiros. \u201cO Brasil hoje, pelo desastre da condu\u00e7\u00e3o do Governo Federal, \u00e9 o segundo pa\u00eds do mundo em n\u00famero de mortes, e n\u00f3s corremos o risco de ser o \u00faltimo a come\u00e7ar a vacina\u00e7\u00e3o\u201d. Rui tamb\u00e9m afirmou que, se preciso for, vai tomar medidas judiciais para que a Bahia adquira as vacinas necess\u00e1rias.<\/p>\n<p>Rui Costa avalia que, \u201cse o governo federal atrapalhar menos, a gente vai vacinar parte da popula\u00e7\u00e3o no primeiro semestre, basicamente o povo da \u00e1rea da sa\u00fade, o povo da \u00e1rea da seguran\u00e7a e aqueles que que t\u00eam a sua sa\u00fade mais vulner\u00e1vel, ou seja, os idosos e quem tem doen\u00e7a com potencial de complicar com o Covid\u201d. Segundo ele, s\u00f3 no segundo semestre a vacina chega para a maior parte da popula\u00e7\u00e3o.<\/p>\n<p>Rui Costa destacou que, na Am\u00e9rica do Sul, a maioria dos pa\u00edses j\u00e1 come\u00e7ou a vacinar sua popula\u00e7\u00e3o. \u201cO Brasil est\u00e1 ficando para tr\u00e1s. \u00c9 uma vergonha porque n\u00f3s temos um governo federal incapaz de governar o Pa\u00eds, que se sustenta na base da pol\u00eamica, na prega\u00e7\u00e3o da ignor\u00e2ncia, da nega\u00e7\u00e3o da ci\u00eancia, e est\u00e1 levando o Brasil a um desastre n\u00e3o s\u00f3 do ponto de vista de sa\u00fade, mas do ponto de vista econ\u00f4mico e social\u201d.<!--more--><\/p>\n<p>O governador destacou que a Anvisa era uma das ag\u00eancias sanit\u00e1rias mais respeitadas do mundo. \u201cEra at\u00e9 aqui. Infelizmente, o atual governo, que est\u00e1 destruindo muita coisa, est\u00e1 conseguindo destruir a imagem da Anvisa que levou muitas d\u00e9cadas para construir uma imagem de seriedade. Hoje, est\u00e1 sendo adotada uma postura &#8216;politiqueira&#8217; que n\u00e3o condiz com a hist\u00f3ria e com a reputa\u00e7\u00e3o que a Anvisa tem. Mas estamos atentos, monitorando diariamente e, dadas as condi\u00e7\u00f5es, se necess\u00e1rio for, o Estado da Bahia vai \u00e0 justi\u00e7a para requerer a autoriza\u00e7\u00e3o para adquirir a vacina e imunizar a popula\u00e7\u00e3o\u201d, acrescentou.<\/p>\n<p>*Baixos \u00edndices de mortalidade na Bahia*<\/p>\n<p>Rui destacou que a Bahia \u00e9 o segundo entre os 27 estados brasileiros com menor taxa de mortalidade por Covid-19. \u201cTivemos dois ou tr\u00eas meses cr\u00edticos, a partir de agosto come\u00e7amos a reduzir o n\u00famero de contaminados. Chegamos a ter, no pico, 70 mortes por dia, e ca\u00edmos at\u00e9 o m\u00eas de outubro para 20 \u00f3bitos por dia. Infelizmente, a partir de novembro, come\u00e7amos a ver a curva de contaminados e o n\u00famero de \u00f3bitos subir novamente&#8221;.<\/p>\n","protected":false},"excerpt":{"rendered":"<p>Em agenda na cidade de Catu nesta quarta-feira (30), o governador Rui Costa criticou a demora do Governo Federal para iniciar a vacina\u00e7\u00e3o contra o coronav\u00edrus e apontou a atua\u00e7\u00e3o pol\u00edtica da Anvisa como fator de atraso para a imuniza\u00e7\u00e3o dos brasileiros. \u201cO Brasil hoje, pelo desastre da condu\u00e7\u00e3o do Governo Federal, \u00e9 o segundo [&hellip;]<\/p>\n","protected":false},"author":2,"featured_media":0,"comment_status":"open","ping_status":"open","sticky":false,"template":"","format":"standard","meta":{"_links_to":"","_links_to_target":""},"categories":[1],"tags":[],"_links":{"self":[{"href":"https:\/\/www.blogdothame.blog.br\/v1\/wp-json\/wp\/v2\/posts\/110570"}],"collection":[{"href":"https:\/\/www.blogdothame.blog.br\/v1\/wp-json\/wp\/v2\/posts"}],"about":[{"href":"https:\/\/www.blogdothame.blog.br\/v1\/wp-json\/wp\/v2\/types\/post"}],"author":[{"embeddable":true,"href":"https:\/\/www.blogdothame.blog.br\/v1\/wp-json\/wp\/v2\/users\/2"}],"replies":[{"embeddable":true,"href":"https:\/\/www.blogdothame.blog.br\/v1\/wp-json\/wp\/v2\/comments?post=110570"}],"version-history":[{"count":1,"href":"https:\/\/www.blogdothame.blog.br\/v1\/wp-json\/wp\/v2\/posts\/110570\/revisions"}],"predecessor-version":[{"id":110571,"href":"https:\/\/www.blogdothame.blog.br\/v1\/wp-json\/wp\/v2\/posts\/110570\/revisions\/110571"}],"wp:attachment":[{"href":"https:\/\/www.blogdothame.blog.br\/v1\/wp-json\/wp\/v2\/media?parent=110570"}],"wp:term":[{"taxonomy":"category","embeddable":true,"href":"https:\/\/www.blogdothame.blog.br\/v1\/wp-json\/wp\/v2\/categories?post=110570"},{"taxonomy":"post_tag","embeddable":true,"href":"https:\/\/www.blogdothame.blog.br\/v1\/wp-json\/wp\/v2\/tags?post=110570"}],"curies":[{"name":"wp","href":"https:\/\/api.w.org\/{rel}","templated":true}]}}