{"id":110294,"date":"2020-12-21T14:21:36","date_gmt":"2020-12-21T17:21:36","guid":{"rendered":"http:\/\/www.blogdothame.blog.br\/v1\/?p=110294"},"modified":"2020-12-21T14:21:36","modified_gmt":"2020-12-21T17:21:36","slug":"ronaldo-carletto-pede-divulgacao-clara-do-planejamento-para-imunizacao-da-populacao-contra-a-covid-19","status":"publish","type":"post","link":"https:\/\/www.blogdothame.blog.br\/v1\/2020\/12\/21\/ronaldo-carletto-pede-divulgacao-clara-do-planejamento-para-imunizacao-da-populacao-contra-a-covid-19\/","title":{"rendered":"Ronaldo Carletto pede divulga\u00e7\u00e3o clara do planejamento para imuniza\u00e7\u00e3o da popula\u00e7\u00e3o contra a covid-19"},"content":{"rendered":"<p><img loading=\"lazy\" class=\"alignright size-full wp-image-110295\" src=\"http:\/\/www.blogdothame.blog.br\/v1\/wp-content\/uploads\/2020\/12\/Carletto_0101-1.png\" alt=\"Carletto_0101 (1)\" width=\"278\" height=\"202\" \/>Diante de todas as dificuldades que o pa\u00eds tem enfrentado em decorr\u00eancia da pandemia do coronav\u00edrus, o deputado federal Ronaldo Carletto (PP) apresentou a Indica\u00e7\u00e3o n\u00ba 1171\/2020, sugerindo a elabora\u00e7\u00e3o e divulga\u00e7\u00e3o clara para a sociedade do planejamento para imunizar a popula\u00e7\u00e3o contra a covid-19. O parlamentar ressaltou que, apesar do avan\u00e7o de v\u00e1rias vacinas, existem diversos desafios log\u00edsticos e \u00e9 fundamental esclarecer \u00e0s pessoas as diretrizes que ser\u00e3o realizadas.<\/p>\n<p>\u201cElaborar um planejamento para a imuniza\u00e7\u00e3o da popula\u00e7\u00e3o contra a covid-19 \u00e9 de extrema import\u00e2ncia e divulgar a forma que tudo ser\u00e1 realizado \u00e9 fundamental. As pessoas precisam ter esse conhecimento. Al\u00e9m, claro, de refor\u00e7ar os cuidados necess\u00e1rios para evitar a contamina\u00e7\u00e3o, afinal ainda vai demorar um pouco para que todos os brasileiros sejam vacinados e muitas vidas j\u00e1 foram perdidas\u201d, salientou Carletto.<\/p>\n","protected":false},"excerpt":{"rendered":"<p>Diante de todas as dificuldades que o pa\u00eds tem enfrentado em decorr\u00eancia da pandemia do coronav\u00edrus, o deputado federal Ronaldo Carletto (PP) apresentou a Indica\u00e7\u00e3o n\u00ba 1171\/2020, sugerindo a elabora\u00e7\u00e3o e divulga\u00e7\u00e3o clara para a sociedade do planejamento para imunizar a popula\u00e7\u00e3o contra a covid-19. O parlamentar ressaltou que, apesar do avan\u00e7o de v\u00e1rias vacinas, [&hellip;]<\/p>\n","protected":false},"author":2,"featured_media":0,"comment_status":"open","ping_status":"open","sticky":false,"template":"","format":"standard","meta":{"_links_to":"","_links_to_target":""},"categories":[1],"tags":[26839,28748,278],"_links":{"self":[{"href":"https:\/\/www.blogdothame.blog.br\/v1\/wp-json\/wp\/v2\/posts\/110294"}],"collection":[{"href":"https:\/\/www.blogdothame.blog.br\/v1\/wp-json\/wp\/v2\/posts"}],"about":[{"href":"https:\/\/www.blogdothame.blog.br\/v1\/wp-json\/wp\/v2\/types\/post"}],"author":[{"embeddable":true,"href":"https:\/\/www.blogdothame.blog.br\/v1\/wp-json\/wp\/v2\/users\/2"}],"replies":[{"embeddable":true,"href":"https:\/\/www.blogdothame.blog.br\/v1\/wp-json\/wp\/v2\/comments?post=110294"}],"version-history":[{"count":1,"href":"https:\/\/www.blogdothame.blog.br\/v1\/wp-json\/wp\/v2\/posts\/110294\/revisions"}],"predecessor-version":[{"id":110296,"href":"https:\/\/www.blogdothame.blog.br\/v1\/wp-json\/wp\/v2\/posts\/110294\/revisions\/110296"}],"wp:attachment":[{"href":"https:\/\/www.blogdothame.blog.br\/v1\/wp-json\/wp\/v2\/media?parent=110294"}],"wp:term":[{"taxonomy":"category","embeddable":true,"href":"https:\/\/www.blogdothame.blog.br\/v1\/wp-json\/wp\/v2\/categories?post=110294"},{"taxonomy":"post_tag","embeddable":true,"href":"https:\/\/www.blogdothame.blog.br\/v1\/wp-json\/wp\/v2\/tags?post=110294"}],"curies":[{"name":"wp","href":"https:\/\/api.w.org\/{rel}","templated":true}]}}