{"id":109927,"date":"2025-03-15T08:30:24","date_gmt":"2025-03-15T11:30:24","guid":{"rendered":"http:\/\/www.blogdothame.blog.br\/v1\/?p=109927"},"modified":"2025-03-11T16:23:16","modified_gmt":"2025-03-11T19:23:16","slug":"a-expressao-artistica-de-leila-castellan","status":"publish","type":"post","link":"https:\/\/www.blogdothame.blog.br\/v1\/2025\/03\/15\/a-expressao-artistica-de-leila-castellan\/","title":{"rendered":"A  express\u00e3o  art\u00edstica de  Leila Castellan"},"content":{"rendered":"<p style=\"text-align: right;\"><strong>\u00a0Luciane Yahweh<\/strong><\/p>\n<div id=\"attachment_109934\" style=\"width: 259px\" class=\"wp-caption aligncenter\"><img aria-describedby=\"caption-attachment-109934\" loading=\"lazy\" class=\" wp-image-109934\" src=\"http:\/\/www.blogdothame.blog.br\/v1\/wp-content\/uploads\/2020\/12\/leila-1-656x1024.jpg\" alt=\"Leila \" width=\"249\" height=\"388\" srcset=\"https:\/\/www.blogdothame.blog.br\/v1\/wp-content\/uploads\/2020\/12\/leila-1-656x1024.jpg 656w, https:\/\/www.blogdothame.blog.br\/v1\/wp-content\/uploads\/2020\/12\/leila-1-192x300.jpg 192w, https:\/\/www.blogdothame.blog.br\/v1\/wp-content\/uploads\/2020\/12\/leila-1.jpg 820w\" sizes=\"(max-width: 249px) 100vw, 249px\" \/><p id=\"caption-attachment-109934\" class=\"wp-caption-text\">Leila Castellan<\/p><\/div>\n<p>Artista por natureza, bi\u00f3loga, professora, e artes\u00e3, radicada em Uberl\u00e2ndia, Minas Gerais, Leila Castellan desde crian\u00e7a esteve envolvida com arte. Uma crian\u00e7a muito sens\u00edvel e at\u00e9 hoje \u00a0observava muito a natureza e ficava por horas olhando as nuvens no c\u00e9u formando os \u201c bichinhos e pessoas\u201d com seus movimentos.<\/p>\n<p>Abaixo est\u00e1 sua\u00a0 primeira pintura, feita por volta dos 11 anos para um trabalho de escola. Ela pediu para que seu pai torneasse um prato em\u00a0 madeira e nele fez sua pintura.<\/p>\n<p>&#8220;N\u00e3o fiquei satisfeita, pois queria um prato fininho, mais aberto, e o barco n\u00e3o tinha perspectiva, pois n\u00e3o sabia desenhar.&#8221;, afirma a artista.<\/p>\n<p><img loading=\"lazy\" class=\"aligncenter size-full wp-image-109929\" src=\"http:\/\/www.blogdothame.blog.br\/v1\/wp-content\/uploads\/2020\/12\/leila-21.jpg\" alt=\"leila 2\" width=\"286\" height=\"275\" \/><\/p>\n<p>&#8220;PRIMEIRA PINTURA&#8221;<\/p>\n<p>Essa pintura, remetia ao qu\u00e3o distante Leila Castellan\u00a0 sonhava em ir.<\/p>\n<p>Tudo a encantava e ainda\u00a0 encanta. Os movimentos, as cores, as formas dos vegetais, das flores e tudo ao seu redor naquele olhar que s\u00f3 o artista nato possui.<\/p>\n<p>Ser artista para Leila,\u00a0 \u00e9 algo que nem todos o s\u00e3o ou podem ser. Mesmo com a aplica\u00e7\u00e3o e desenvolvimento das melhores t\u00e9cnicas, tal possibilidade precisa de um algo a mais. Esse \u201calgo a mais\u201d,\u00a0 segundo ela, \u00e9 o que nos diferencia, que \u00e9 nato, n\u00e3o adquirido apenas. \u00c9 o que se expressa atrav\u00e9s da alma, dos sentimentos e da emo\u00e7\u00e3o.<\/p>\n<p>&#8220;Cada um possui suas habilidades e compet\u00eancias, essas, mais ou menos desenvolvidas. N\u00e3o \u00e9 apenas o querer fazer, \u00e9 o transmitir.&#8221;<\/p>\n<p>&#8220;Creio que ser um artista \u00e9 ter um dom Divino ou talento, \u00e9 um objetivo de vida, que podemos desenvolv\u00ea-lo ou enterr\u00e1-lo por diferentes motivos. Que \u00e9 expresso em nosso modo de vida e express\u00e3o.&#8221;<!--more--><\/p>\n<p><img loading=\"lazy\" class=\"aligncenter size-medium wp-image-109930\" src=\"http:\/\/www.blogdothame.blog.br\/v1\/wp-content\/uploads\/2020\/12\/leila-3-221x300.jpg\" alt=\"leila 3\" width=\"221\" height=\"300\" srcset=\"https:\/\/www.blogdothame.blog.br\/v1\/wp-content\/uploads\/2020\/12\/leila-3-221x300.jpg 221w, https:\/\/www.blogdothame.blog.br\/v1\/wp-content\/uploads\/2020\/12\/leila-3.jpg 710w\" sizes=\"(max-width: 221px) 100vw, 221px\" \/><\/p>\n<p>&#8220;ARARAS&#8221;<\/p>\n<p>&#8220;Enquanto estou criando ou pintando n\u00e3o me sinto naquele lugar. \u00c9 como estar em um outro espa\u00e7o, outro mundo. Um lugar quieto e calmo, livre de toda agita\u00e7\u00e3o externa ou mesmo aquela do meu interior.<\/p>\n<p>\u00c9 um acalanto, um repouso que me remete \u00e0 inf\u00e2ncia, \u00e0queles momentos de paz interior e tranquilidade. Sinto-me feliz e motivada em criar. \u00c9 um cuidar de mim por horas.&#8221;<\/p>\n<p><img loading=\"lazy\" class=\"aligncenter size-medium wp-image-109931\" src=\"http:\/\/www.blogdothame.blog.br\/v1\/wp-content\/uploads\/2020\/12\/leila-4-185x300.jpg\" alt=\"leila 4\" width=\"185\" height=\"300\" srcset=\"https:\/\/www.blogdothame.blog.br\/v1\/wp-content\/uploads\/2020\/12\/leila-4-185x300.jpg 185w, https:\/\/www.blogdothame.blog.br\/v1\/wp-content\/uploads\/2020\/12\/leila-4-632x1024.jpg 632w, https:\/\/www.blogdothame.blog.br\/v1\/wp-content\/uploads\/2020\/12\/leila-4.jpg 771w\" sizes=\"(max-width: 185px) 100vw, 185px\" \/><\/p>\n<p>&#8220;RELEITURA ESCRAVA&#8221;<\/p>\n<p>&#8220;De alguns anos para c\u00e1, com as pinturas em telas, exposi\u00e7\u00f5es, e as manifesta\u00e7\u00f5es do interesse das pessoas pelo meu trabalho, percebo nitidamente que isto me traz ben\u00e9ficos e a elas tamb\u00e9m. Percebo tal fato, quando essas se encantam e manifestam expressando seus sentimentos e emo\u00e7\u00f5es ao observarem minhas obras. Podemos at\u00e9 citar aqui Henry Ward Becher, que diz \u201c O pintor molha o pincel na pr\u00f3pria alma\u201d, e \u00e9 como se assim o fosse.&#8221;<\/p>\n<p><img loading=\"lazy\" class=\"aligncenter size-medium wp-image-109932\" src=\"http:\/\/www.blogdothame.blog.br\/v1\/wp-content\/uploads\/2020\/12\/leila-5-182x300.jpg\" alt=\"leila 5\" width=\"182\" height=\"300\" srcset=\"https:\/\/www.blogdothame.blog.br\/v1\/wp-content\/uploads\/2020\/12\/leila-5-182x300.jpg 182w, https:\/\/www.blogdothame.blog.br\/v1\/wp-content\/uploads\/2020\/12\/leila-5.jpg 608w\" sizes=\"(max-width: 182px) 100vw, 182px\" \/><\/p>\n<p>&#8220;TIPICAMENTE BRASILEIRA&#8221;<\/p>\n<p>Sou grata a Deus por esse dom, e a cada momento, meu desejo maior \u00e9 trazer o bom, o belo e a motiva\u00e7\u00e3o para uma vida melhor a todos que se aproximam da minha arte.<\/p>\n<p><img loading=\"lazy\" class=\"aligncenter size-medium wp-image-109933\" src=\"http:\/\/www.blogdothame.blog.br\/v1\/wp-content\/uploads\/2020\/12\/leila-6-206x300.jpg\" alt=\"leila 6\" width=\"206\" height=\"300\" srcset=\"https:\/\/www.blogdothame.blog.br\/v1\/wp-content\/uploads\/2020\/12\/leila-6-206x300.jpg 206w, https:\/\/www.blogdothame.blog.br\/v1\/wp-content\/uploads\/2020\/12\/leila-6.jpg 595w\" sizes=\"(max-width: 206px) 100vw, 206px\" \/><\/p>\n<p>&#8220;P\u00d4R DO SOL&#8221;<\/p>\n<p>&#8220;A realidade para muitos, \u00e9 algo muito pesado e penoso. No entanto, quando nos encontramos frente a uma obra de arte, seja ela qual for, isso alimenta nosso ser. Nos remete a lugares, sonhos e possibilidades que podemos conquistar. Nos motiva e nos envolve de tal forma, que se possibilita viver algo mais ameno, um pouco mais palat\u00e1vel com novas vis\u00f5es de mundo.&#8221;<\/p>\n<p>Tal fato, pode ser expressado na frase do fil\u00f3sofo Nietzsche: \u201cA arte existe para que a realidade n\u00e3o nos destrua\u201d. (Nietzsche).<\/p>\n<p>&nbsp;<\/p>\n<p><a href=\"https:\/\/instagram.com\/leilacastellanpelizer?igshid=1thpqvyhstiov\"><strong><em>https:\/\/instagram.com\/leilacastellanpelizer?igshid=1thpqvyhstiov<\/em><\/strong><\/a><\/p>\n<p>&nbsp;<\/p>\n<p><a href=\"http:\/\/www.blogdothame.blog.br\/v1\/wp-content\/uploads\/2022\/05\/luciane-arte.jpg\"><img loading=\"lazy\" class=\"aligncenter size-medium wp-image-135579\" src=\"http:\/\/www.blogdothame.blog.br\/v1\/wp-content\/uploads\/2022\/05\/luciane-arte-300x114.jpg\" alt=\"luciane arte\" width=\"300\" height=\"114\" srcset=\"https:\/\/www.blogdothame.blog.br\/v1\/wp-content\/uploads\/2022\/05\/luciane-arte-300x114.jpg 300w, https:\/\/www.blogdothame.blog.br\/v1\/wp-content\/uploads\/2022\/05\/luciane-arte.jpg 640w\" sizes=\"(max-width: 300px) 100vw, 300px\" \/><\/a><\/p>\n","protected":false},"excerpt":{"rendered":"<p>\u00a0Luciane Yahweh Artista por natureza, bi\u00f3loga, professora, e artes\u00e3, radicada em Uberl\u00e2ndia, Minas Gerais, Leila Castellan desde crian\u00e7a esteve envolvida com arte. Uma crian\u00e7a muito sens\u00edvel e at\u00e9 hoje \u00a0observava muito a natureza e ficava por horas olhando as nuvens no c\u00e9u formando os \u201c bichinhos e pessoas\u201d com seus movimentos. Abaixo est\u00e1 sua\u00a0 primeira [&hellip;]<\/p>\n","protected":false},"author":2,"featured_media":156897,"comment_status":"open","ping_status":"open","sticky":false,"template":"","format":"standard","meta":{"_links_to":"","_links_to_target":""},"categories":[33434],"tags":[5755,28686,28339],"_links":{"self":[{"href":"https:\/\/www.blogdothame.blog.br\/v1\/wp-json\/wp\/v2\/posts\/109927"}],"collection":[{"href":"https:\/\/www.blogdothame.blog.br\/v1\/wp-json\/wp\/v2\/posts"}],"about":[{"href":"https:\/\/www.blogdothame.blog.br\/v1\/wp-json\/wp\/v2\/types\/post"}],"author":[{"embeddable":true,"href":"https:\/\/www.blogdothame.blog.br\/v1\/wp-json\/wp\/v2\/users\/2"}],"replies":[{"embeddable":true,"href":"https:\/\/www.blogdothame.blog.br\/v1\/wp-json\/wp\/v2\/comments?post=109927"}],"version-history":[{"count":8,"href":"https:\/\/www.blogdothame.blog.br\/v1\/wp-json\/wp\/v2\/posts\/109927\/revisions"}],"predecessor-version":[{"id":109937,"href":"https:\/\/www.blogdothame.blog.br\/v1\/wp-json\/wp\/v2\/posts\/109927\/revisions\/109937"}],"wp:featuredmedia":[{"embeddable":true,"href":"https:\/\/www.blogdothame.blog.br\/v1\/wp-json\/wp\/v2\/media\/156897"}],"wp:attachment":[{"href":"https:\/\/www.blogdothame.blog.br\/v1\/wp-json\/wp\/v2\/media?parent=109927"}],"wp:term":[{"taxonomy":"category","embeddable":true,"href":"https:\/\/www.blogdothame.blog.br\/v1\/wp-json\/wp\/v2\/categories?post=109927"},{"taxonomy":"post_tag","embeddable":true,"href":"https:\/\/www.blogdothame.blog.br\/v1\/wp-json\/wp\/v2\/tags?post=109927"}],"curies":[{"name":"wp","href":"https:\/\/api.w.org\/{rel}","templated":true}]}}