{"id":109924,"date":"2020-12-10T11:26:04","date_gmt":"2020-12-10T14:26:04","guid":{"rendered":"http:\/\/www.blogdothame.blog.br\/v1\/?p=109924"},"modified":"2020-12-10T11:26:04","modified_gmt":"2020-12-10T14:26:04","slug":"itabuna-tera-reforco-de-mais-12-leitos-para-tratamento-da-covid-19","status":"publish","type":"post","link":"https:\/\/www.blogdothame.blog.br\/v1\/2020\/12\/10\/itabuna-tera-reforco-de-mais-12-leitos-para-tratamento-da-covid-19\/","title":{"rendered":"Itabuna ter\u00e1 refor\u00e7o de mais 12 leitos para tratamento da Covid-19"},"content":{"rendered":"<p><img loading=\"lazy\" class=\"alignright size-medium wp-image-109925\" src=\"http:\/\/www.blogdothame.blog.br\/v1\/wp-content\/uploads\/2020\/12\/santa-casa-300x194.jpg\" alt=\"santa casa\" width=\"300\" height=\"194\" srcset=\"https:\/\/www.blogdothame.blog.br\/v1\/wp-content\/uploads\/2020\/12\/santa-casa-300x194.jpg 300w, https:\/\/www.blogdothame.blog.br\/v1\/wp-content\/uploads\/2020\/12\/santa-casa.jpg 758w\" sizes=\"(max-width: 300px) 100vw, 300px\" \/>Com a crescente demanda por leitos destinados a pacientes com Covid-19, a Secretaria da Sa\u00fade do Estado (Sesab) firmou um acordo com a Santa Casa de Itabuna para abertura de leitos no Hospital Calixto Midlej Filho. O encontro para definir a contrata\u00e7\u00e3o de seis leitos de Terapia Intensiva (UTI) e outros seis cl\u00ednicos foi realizado nesta quarta-feira (9), com a participa\u00e7\u00e3o do secret\u00e1rio da Sa\u00fade do Estado, F\u00e1bio Vilas-Boas, e do provedor em exerc\u00edcio da SCMI, o m\u00e9dico Ant\u00f4nio Augusto Monteiro.<\/p>\n<p>&nbsp;<\/p>\n<p>Esses leitos se somar\u00e3o aos 61 existentes em Itabuna e refor\u00e7ar\u00e3o o atendimento pelo Sistema \u00danico de Sa\u00fade aos pacientes com o novo coranav\u00edrus no sul do Estado. \u201cAo longo das \u00faltimas semanas, tem sido poss\u00edvel notar o aumento consistente no n\u00famero de casos novos da Covid-19 no territ\u00f3rio estadual, com a consequente eleva\u00e7\u00e3o nas taxas de ocupa\u00e7\u00e3o hospitalar para al\u00e9m do considerado seguro. Diante deste cen\u00e1rio, precisamos e vamos garantir o atendimento a todos.\u201d, afirma F\u00e1bio Vilas-Boas.<\/p>\n<p>&nbsp;<\/p>\n<p>O provedor em exerc\u00edcio destacou que as unidades da Santa Casa est\u00e3o dispon\u00edveis para ajudar nas a\u00e7\u00f5es de combate \u00e0 Covid-19. \u201cNossas unidades sempre estiveram \u00e0 disposi\u00e7\u00e3o da Sesab e da comunidade regional. O Estado sabe quanto fomos importantes para centenas de fam\u00edlias de pacientes encaminhados e atendidos no Calixto Midlej e Manoel Novaes\u201d, afirmou Ant\u00f4nio Augusto Monteiro.<\/p>\n<p>&nbsp;<\/p>\n<p>A Sesab reitera os alertas de que a pandemia n\u00e3o acabou e, infelizmente, os cuidados est\u00e3o sendo ignorados por parte da popula\u00e7\u00e3o. O n\u00famero de leitos de UTI est\u00e1 sendo ampliados porque medidas simples n\u00e3o est\u00e3o sendo cumpridas. Lavar frequentemente as m\u00e3os com \u00e1gua e sab\u00e3o ou usar \u00e1lcool em gel, utilizar m\u00e1scara e manter o distanciamento social s\u00e3o medidas fundamentais para combater o coronav\u00edrus e impedir o aumento do n\u00famero de infectados. \u00c9 necess\u00e1rio ter um cuidado ainda maior neste per\u00edodo festivo, pois as pessoas tendem a se reunir em casa ou na rua e a\u00ed aumentam os riscos, sobretudo, para os idosos.<\/p>\n<p>&nbsp;<\/p>\n","protected":false},"excerpt":{"rendered":"<p>Com a crescente demanda por leitos destinados a pacientes com Covid-19, a Secretaria da Sa\u00fade do Estado (Sesab) firmou um acordo com a Santa Casa de Itabuna para abertura de leitos no Hospital Calixto Midlej Filho. O encontro para definir a contrata\u00e7\u00e3o de seis leitos de Terapia Intensiva (UTI) e outros seis cl\u00ednicos foi realizado [&hellip;]<\/p>\n","protected":false},"author":2,"featured_media":0,"comment_status":"open","ping_status":"open","sticky":false,"template":"","format":"standard","meta":{"_links_to":"","_links_to_target":""},"categories":[1],"tags":[26839,13334,973,1509],"_links":{"self":[{"href":"https:\/\/www.blogdothame.blog.br\/v1\/wp-json\/wp\/v2\/posts\/109924"}],"collection":[{"href":"https:\/\/www.blogdothame.blog.br\/v1\/wp-json\/wp\/v2\/posts"}],"about":[{"href":"https:\/\/www.blogdothame.blog.br\/v1\/wp-json\/wp\/v2\/types\/post"}],"author":[{"embeddable":true,"href":"https:\/\/www.blogdothame.blog.br\/v1\/wp-json\/wp\/v2\/users\/2"}],"replies":[{"embeddable":true,"href":"https:\/\/www.blogdothame.blog.br\/v1\/wp-json\/wp\/v2\/comments?post=109924"}],"version-history":[{"count":1,"href":"https:\/\/www.blogdothame.blog.br\/v1\/wp-json\/wp\/v2\/posts\/109924\/revisions"}],"predecessor-version":[{"id":109926,"href":"https:\/\/www.blogdothame.blog.br\/v1\/wp-json\/wp\/v2\/posts\/109924\/revisions\/109926"}],"wp:attachment":[{"href":"https:\/\/www.blogdothame.blog.br\/v1\/wp-json\/wp\/v2\/media?parent=109924"}],"wp:term":[{"taxonomy":"category","embeddable":true,"href":"https:\/\/www.blogdothame.blog.br\/v1\/wp-json\/wp\/v2\/categories?post=109924"},{"taxonomy":"post_tag","embeddable":true,"href":"https:\/\/www.blogdothame.blog.br\/v1\/wp-json\/wp\/v2\/tags?post=109924"}],"curies":[{"name":"wp","href":"https:\/\/api.w.org\/{rel}","templated":true}]}}