{"id":109891,"date":"2020-12-09T16:11:24","date_gmt":"2020-12-09T19:11:24","guid":{"rendered":"http:\/\/www.blogdothame.blog.br\/v1\/?p=109891"},"modified":"2020-12-09T16:11:24","modified_gmt":"2020-12-09T19:11:24","slug":"a-luz-dos-olhos","status":"publish","type":"post","link":"https:\/\/www.blogdothame.blog.br\/v1\/2020\/12\/09\/a-luz-dos-olhos\/","title":{"rendered":"A luz dos olhos"},"content":{"rendered":"<p style=\"text-align: right;\"><img loading=\"lazy\" class=\"aligncenter size-medium wp-image-109893\" src=\"http:\/\/www.blogdothame.blog.br\/v1\/wp-content\/uploads\/2020\/12\/mascaras-lessa-300x200.jpg\" alt=\"mascaras lessa\" width=\"300\" height=\"200\" srcset=\"https:\/\/www.blogdothame.blog.br\/v1\/wp-content\/uploads\/2020\/12\/mascaras-lessa-300x200.jpg 300w, https:\/\/www.blogdothame.blog.br\/v1\/wp-content\/uploads\/2020\/12\/mascaras-lessa.jpg 810w\" sizes=\"(max-width: 300px) 100vw, 300px\" \/><\/p>\n<p style=\"text-align: right;\">Marco Lessa<\/p>\n<p><img loading=\"lazy\" class=\"alignright size-thumbnail wp-image-109892\" src=\"http:\/\/www.blogdothame.blog.br\/v1\/wp-content\/uploads\/2020\/12\/marco-lessa-150x150.jpg\" alt=\"marco lessa\" width=\"150\" height=\"150\" srcset=\"https:\/\/www.blogdothame.blog.br\/v1\/wp-content\/uploads\/2020\/12\/marco-lessa-150x150.jpg 150w, https:\/\/www.blogdothame.blog.br\/v1\/wp-content\/uploads\/2020\/12\/marco-lessa-300x298.jpg 300w, https:\/\/www.blogdothame.blog.br\/v1\/wp-content\/uploads\/2020\/12\/marco-lessa.jpg 959w\" sizes=\"(max-width: 150px) 100vw, 150px\" \/>\u201cQuando a luz dos olhos meus e a luz dos olhos teus resolvem se encontrar\u2026\u201d<\/p>\n<p>&nbsp;<\/p>\n<p>Quanta luz nos olhos meus tenta clarear e entender o que tantos olhos j\u00e1 n\u00e3o conseguem expressar.<\/p>\n<p>&nbsp;<\/p>\n<p>Um povo de um pa\u00eds que fala com as m\u00e3os, que canta sotaques diferentes, quase dialetos, que fecha os olhos e abra\u00e7a, que sem se conhecer, se amassa.<\/p>\n<p>&nbsp;<\/p>\n<p>Uma humana ra\u00e7a, de esp\u00e9cie rara e \u00fanica chamada brasileira, que precisa tocar, segurar, abra\u00e7ar, acarinhar, encostar, ro\u00e7ar, apalpar, cafunear, alisar, apertar, grudar, sem querer mais largar.<\/p>\n<p>&nbsp;<\/p>\n<p>Ama beijar, cheirar, no colo deitar, sentir, morder, lamber, encaixar, receber todo carinho do mundo, e dar.<\/p>\n<p>&nbsp;<\/p>\n<p>E subitamente, pedem pra essa gente se afastar.<\/p>\n<p>&nbsp;<\/p>\n<p>E depois, que escondam o sorriso, redefinam as formas dadas \u00e0s palavras de cada um, de cada jeito, de cada lugar, e comecem a apenas, e t\u00e3o somente apenas, e de longe, falar atrav\u00e9s de um filtro, com uma, duas, tr\u00eas camadas, sem mais a do\u00e7ura, a m\u00fasica, a poesia e a arte de com os l\u00e1bios desenhar.<\/p>\n<p>&nbsp;<\/p>\n<p>Pasteuriza, padroniza, normatiza, robotiza.<\/p>\n<p>&nbsp;<\/p>\n<p>Mesmo com estampas e texturas, \u00e9 morda\u00e7a.<\/p>\n<p>&nbsp;<\/p>\n<p>Mesmo com sons e palavras, \u00e9 censura.<\/p>\n<p>&nbsp;<\/p>\n<p>Ent\u00e3o, sem mais reconhecer as vozes, sem entender frases, sem compreender contextos, nos resta nos olhar mais. Voltamos \u00e0 inf\u00e2ncia e a reaprender a falar.<\/p>\n<p>&nbsp;<\/p>\n<p>As p\u00e1lpebras passam a balbuciar.<\/p>\n<p>&nbsp;<\/p>\n<p>Os olhares nunca gritaram tanto, na maioria das vezes pedindo socorro em sil\u00eancio. Um clamor solit\u00e1rio, solid\u00e1rio e universal.<\/p>\n<p>&nbsp;<\/p>\n<p>E se h\u00e1 uma luz no fundo de olhos t\u00e3o esperan\u00e7osos, \u00e9 a que mostra o quanto somos t\u00e3o iguais, t\u00e3o da mesma ra\u00e7a, t\u00e3o da mesma casta, t\u00e3o da mesma dor.<\/p>\n<p>&nbsp;<\/p>\n<p>O olhar nos igualou.<\/p>\n<p>&nbsp;<\/p>\n<p>O branco dos olhos se revelou. Se rebelou.<\/p>\n<p>&nbsp;<\/p>\n<p>Negros, verdes, azuis, castanhos, secos, cegos.<\/p>\n<p>&nbsp;<\/p>\n<p>Todos sem os dentes, sem a boca, sem vacina.<\/p>\n<p>&nbsp;<\/p>\n<p>Todos iguais na f\u00e9.<\/p>\n<p>&nbsp;<\/p>\n<p>Todos iguais na retina.<\/p>\n<p>&nbsp;<\/p>\n<p>&#8212;&#8212;&#8212;&#8212;&#8212;&#8211;<\/p>\n<p>&nbsp;<\/p>\n<p>Marco Lessa \u00e9 publicit\u00e1rio, empres\u00e1rio e j\u00e1 n\u00e3o aguenta mais usar m\u00e1scara. Mas usa.<\/p>\n","protected":false},"excerpt":{"rendered":"<p>Marco Lessa \u201cQuando a luz dos olhos meus e a luz dos olhos teus resolvem se encontrar\u2026\u201d &nbsp; Quanta luz nos olhos meus tenta clarear e entender o que tantos olhos j\u00e1 n\u00e3o conseguem expressar. &nbsp; Um povo de um pa\u00eds que fala com as m\u00e3os, que canta sotaques diferentes, quase dialetos, que fecha os [&hellip;]<\/p>\n","protected":false},"author":2,"featured_media":0,"comment_status":"open","ping_status":"open","sticky":false,"template":"","format":"standard","meta":{"_links_to":"","_links_to_target":""},"categories":[1],"tags":[28676,26839,539],"_links":{"self":[{"href":"https:\/\/www.blogdothame.blog.br\/v1\/wp-json\/wp\/v2\/posts\/109891"}],"collection":[{"href":"https:\/\/www.blogdothame.blog.br\/v1\/wp-json\/wp\/v2\/posts"}],"about":[{"href":"https:\/\/www.blogdothame.blog.br\/v1\/wp-json\/wp\/v2\/types\/post"}],"author":[{"embeddable":true,"href":"https:\/\/www.blogdothame.blog.br\/v1\/wp-json\/wp\/v2\/users\/2"}],"replies":[{"embeddable":true,"href":"https:\/\/www.blogdothame.blog.br\/v1\/wp-json\/wp\/v2\/comments?post=109891"}],"version-history":[{"count":1,"href":"https:\/\/www.blogdothame.blog.br\/v1\/wp-json\/wp\/v2\/posts\/109891\/revisions"}],"predecessor-version":[{"id":109894,"href":"https:\/\/www.blogdothame.blog.br\/v1\/wp-json\/wp\/v2\/posts\/109891\/revisions\/109894"}],"wp:attachment":[{"href":"https:\/\/www.blogdothame.blog.br\/v1\/wp-json\/wp\/v2\/media?parent=109891"}],"wp:term":[{"taxonomy":"category","embeddable":true,"href":"https:\/\/www.blogdothame.blog.br\/v1\/wp-json\/wp\/v2\/categories?post=109891"},{"taxonomy":"post_tag","embeddable":true,"href":"https:\/\/www.blogdothame.blog.br\/v1\/wp-json\/wp\/v2\/tags?post=109891"}],"curies":[{"name":"wp","href":"https:\/\/api.w.org\/{rel}","templated":true}]}}