{"id":10965,"date":"2012-07-11T10:55:29","date_gmt":"2012-07-11T13:55:29","guid":{"rendered":"http:\/\/www.blogdothame.blog.br\/v1\/?p=10965"},"modified":"2012-07-11T17:10:36","modified_gmt":"2012-07-11T20:10:36","slug":"dilma-na-bahia-na-sexta-13","status":"publish","type":"post","link":"https:\/\/www.blogdothame.blog.br\/v1\/2012\/07\/11\/dilma-na-bahia-na-sexta-13\/","title":{"rendered":"DILMA NA BAHIA NA SEXTA, 13"},"content":{"rendered":"<p><a href=\"http:\/\/www.blogdothame.blog.br\/v1\/wp-content\/uploads\/2012\/07\/wagner-e-dilma2.jpg\"><img loading=\"lazy\" class=\"aligncenter size-full wp-image-10968\" title=\"wagner e dilma\" src=\"http:\/\/www.blogdothame.blog.br\/v1\/wp-content\/uploads\/2012\/07\/wagner-e-dilma2.jpg\" alt=\"\" width=\"300\" height=\"200\" \/><\/a><\/p>\n<div>A presidente da Rep\u00fablica, Dilma Rousseff, estar\u00e1 na Bahia nesta sexta-feira (13), \u00e0s 10h, para participar, acompanhada do governador Jaques Wagner, \u00a0do lan\u00e7amento da pedra fundamental da obra do Estaleiro Enseada do Paragua\u00e7u, em Maragogipe, a 133 quil\u00f4metros de Salvador. Em seguida, ela participar\u00e1 da cerim\u00f4nia de lan\u00e7amento da plataforma P-59, da Petrobras, na mesma regi\u00e3o.<\/div>\n<div><\/div>\n<div>Voltado para constru\u00e7\u00e3o e integra\u00e7\u00e3o de unidades offshore, como plataformas, navios especializados e unidades de perfura\u00e7\u00e3o, o Estaleiro Enseada do Paragua\u00e7u (EEP) ser\u00e1 constru\u00eddo com investimento de R$ 2 bilh\u00f5es, a partir de um cons\u00f3rcio formado pelas empresas baianas Odebrecht e OAS, a carioca UTC e a japonesa Kawasaki. O empreendimento, que deve iniciar suas opera\u00e7\u00f5es em 2014, est\u00e1 localizado na Foz do Rio Paragua\u00e7u, no munic\u00edpio de Maragojipe. Considerado um dos maiores do setor no pa\u00eds, o estaleiro ocupar\u00e1 uma \u00e1rea de cerca de 1,6 milh\u00e3o de metros quadrados, dos quais 400 mil ser\u00e3o destinados \u00e0 preserva\u00e7\u00e3o ambiental.<\/div>\n<p><strong><span style=\"font-family: Times;\"><br \/>\n<\/span><\/strong><\/p>\n","protected":false},"excerpt":{"rendered":"<p>A presidente da Rep\u00fablica, Dilma Rousseff, estar\u00e1 na Bahia nesta sexta-feira (13), \u00e0s 10h, para participar, acompanhada do governador Jaques Wagner, \u00a0do lan\u00e7amento da pedra fundamental da obra do Estaleiro Enseada do Paragua\u00e7u, em Maragogipe, a 133 quil\u00f4metros de Salvador. Em seguida, ela participar\u00e1 da cerim\u00f4nia de lan\u00e7amento da plataforma P-59, da Petrobras, na mesma [&hellip;]<\/p>\n","protected":false},"author":2,"featured_media":0,"comment_status":"open","ping_status":"open","sticky":false,"template":"","format":"standard","meta":{"_links_to":"","_links_to_target":""},"categories":[1],"tags":[361,3775,59,3220],"_links":{"self":[{"href":"https:\/\/www.blogdothame.blog.br\/v1\/wp-json\/wp\/v2\/posts\/10965"}],"collection":[{"href":"https:\/\/www.blogdothame.blog.br\/v1\/wp-json\/wp\/v2\/posts"}],"about":[{"href":"https:\/\/www.blogdothame.blog.br\/v1\/wp-json\/wp\/v2\/types\/post"}],"author":[{"embeddable":true,"href":"https:\/\/www.blogdothame.blog.br\/v1\/wp-json\/wp\/v2\/users\/2"}],"replies":[{"embeddable":true,"href":"https:\/\/www.blogdothame.blog.br\/v1\/wp-json\/wp\/v2\/comments?post=10965"}],"version-history":[{"count":4,"href":"https:\/\/www.blogdothame.blog.br\/v1\/wp-json\/wp\/v2\/posts\/10965\/revisions"}],"predecessor-version":[{"id":10993,"href":"https:\/\/www.blogdothame.blog.br\/v1\/wp-json\/wp\/v2\/posts\/10965\/revisions\/10993"}],"wp:attachment":[{"href":"https:\/\/www.blogdothame.blog.br\/v1\/wp-json\/wp\/v2\/media?parent=10965"}],"wp:term":[{"taxonomy":"category","embeddable":true,"href":"https:\/\/www.blogdothame.blog.br\/v1\/wp-json\/wp\/v2\/categories?post=10965"},{"taxonomy":"post_tag","embeddable":true,"href":"https:\/\/www.blogdothame.blog.br\/v1\/wp-json\/wp\/v2\/tags?post=10965"}],"curies":[{"name":"wp","href":"https:\/\/api.w.org\/{rel}","templated":true}]}}