{"id":109446,"date":"2020-11-30T14:23:57","date_gmt":"2020-11-30T17:23:57","guid":{"rendered":"http:\/\/www.blogdothame.blog.br\/v1\/?p=109446"},"modified":"2020-11-30T11:57:21","modified_gmt":"2020-11-30T14:57:21","slug":"funtrad-financia-qualificacao-profissional-de-jovens-em-porto-seguro","status":"publish","type":"post","link":"https:\/\/www.blogdothame.blog.br\/v1\/2020\/11\/30\/funtrad-financia-qualificacao-profissional-de-jovens-em-porto-seguro\/","title":{"rendered":"Funtrad financia qualifica\u00e7\u00e3o profissional de jovens em Porto Seguro"},"content":{"rendered":"<p><img loading=\"lazy\" class=\"alignright size-medium wp-image-109447\" src=\"http:\/\/www.blogdothame.blog.br\/v1\/wp-content\/uploads\/2020\/11\/Funtrad-financia-qualifica\u00e7\u00e3o-profissional-de-jovens-em-Porto-Seguro-200x300.jpeg\" alt=\"Funtrad financia qualifica\u00e7\u00e3o profissional de jovens em Porto Seguro\" width=\"200\" height=\"300\" srcset=\"https:\/\/www.blogdothame.blog.br\/v1\/wp-content\/uploads\/2020\/11\/Funtrad-financia-qualifica\u00e7\u00e3o-profissional-de-jovens-em-Porto-Seguro-200x300.jpeg 200w, https:\/\/www.blogdothame.blog.br\/v1\/wp-content\/uploads\/2020\/11\/Funtrad-financia-qualifica\u00e7\u00e3o-profissional-de-jovens-em-Porto-Seguro-682x1024.jpeg 682w, https:\/\/www.blogdothame.blog.br\/v1\/wp-content\/uploads\/2020\/11\/Funtrad-financia-qualifica\u00e7\u00e3o-profissional-de-jovens-em-Porto-Seguro.jpeg 853w\" sizes=\"(max-width: 200px) 100vw, 200px\" \/>O projeto Juventude em A\u00e7\u00e3o oferece 300 vagas para cursos profissionalizantes nas \u00e1reas de Inform\u00e1tica, Auxiliar Administrativo e Recep\u00e7\u00e3o, no munic\u00edpio de Porto Seguro, no extremo sul da Bahia. As inscri\u00e7\u00f5es acontecem nos dias 3 e 4 de dezembro, em hor\u00e1rio comercial, na sede do Projeto Baianarte, localizada na Rua Parab\u00f3lica, n\u00ba 01, no bairro Baian\u00e3o.<\/p>\n<p>Com um investimento de R$ 250 mil reais do Fundo de Promo\u00e7\u00e3o do Trabalho Decente (Funtrad), os cursos s\u00e3o gratuitos, com dura\u00e7\u00e3o de dez meses, e t\u00eam como p\u00fablico-alvo jovens de 15 a 29 anos. O objetivo do projeto, executado pela Associa\u00e7\u00e3o Arte e Cultura do Bairro Baian\u00e3o (AACBB), \u00e9 promover a qualifica\u00e7\u00e3o profissional da juventude, ampliando as oportunidades de gera\u00e7\u00e3o de emprego e renda.<\/p>\n<p>Funtrad\u00a0&#8211;\u00a0\u00a0Ligado \u00e0 Secretaria do Trabalho, Emprego, Renda e Esporte (Setre), o fundo de natureza cont\u00e1bil-financeira foi criado pelo Governo do Estado em 2011. O intuito \u00e9 captar recursos para colaborar na implementa\u00e7\u00e3o de a\u00e7\u00f5es nos nove eixos priorit\u00e1rios da Agenda Bahia do Trabalho Decente: Erradica\u00e7\u00e3o do Trabalho Infantil; Promo\u00e7\u00e3o da Igualdade da Pessoa com Defici\u00eancia; Sa\u00fade e Seguran\u00e7a do Trabalhador; Servi\u00e7o P\u00fablico; Juventude; Promo\u00e7\u00e3o da Igualdade de G\u00eanero e Ra\u00e7a; Erradica\u00e7\u00e3o do Trabalho Escravo; Trabalho Dom\u00e9stico; e Empregos Verdes.<\/p>\n<p>As principais fontes de recursos s\u00e3o destina\u00e7\u00f5es de Termos de Ajustamento de Conduta e de indeniza\u00e7\u00f5es por dano moral coletivo, decorrentes da atua\u00e7\u00e3o do Minist\u00e9rio P\u00fablico do Trabalho e da Justi\u00e7a do Trabalho. A aplica\u00e7\u00e3o dos recursos \u00e9 decidida pelo Conselho Deliberativo de composi\u00e7\u00e3o multipartite.<\/p>\n","protected":false},"excerpt":{"rendered":"<p>O projeto Juventude em A\u00e7\u00e3o oferece 300 vagas para cursos profissionalizantes nas \u00e1reas de Inform\u00e1tica, Auxiliar Administrativo e Recep\u00e7\u00e3o, no munic\u00edpio de Porto Seguro, no extremo sul da Bahia. As inscri\u00e7\u00f5es acontecem nos dias 3 e 4 de dezembro, em hor\u00e1rio comercial, na sede do Projeto Baianarte, localizada na Rua Parab\u00f3lica, n\u00ba 01, no bairro [&hellip;]<\/p>\n","protected":false},"author":2,"featured_media":0,"comment_status":"open","ping_status":"open","sticky":false,"template":"","format":"standard","meta":{"_links_to":"","_links_to_target":""},"categories":[1],"tags":[28587,12612],"_links":{"self":[{"href":"https:\/\/www.blogdothame.blog.br\/v1\/wp-json\/wp\/v2\/posts\/109446"}],"collection":[{"href":"https:\/\/www.blogdothame.blog.br\/v1\/wp-json\/wp\/v2\/posts"}],"about":[{"href":"https:\/\/www.blogdothame.blog.br\/v1\/wp-json\/wp\/v2\/types\/post"}],"author":[{"embeddable":true,"href":"https:\/\/www.blogdothame.blog.br\/v1\/wp-json\/wp\/v2\/users\/2"}],"replies":[{"embeddable":true,"href":"https:\/\/www.blogdothame.blog.br\/v1\/wp-json\/wp\/v2\/comments?post=109446"}],"version-history":[{"count":1,"href":"https:\/\/www.blogdothame.blog.br\/v1\/wp-json\/wp\/v2\/posts\/109446\/revisions"}],"predecessor-version":[{"id":109448,"href":"https:\/\/www.blogdothame.blog.br\/v1\/wp-json\/wp\/v2\/posts\/109446\/revisions\/109448"}],"wp:attachment":[{"href":"https:\/\/www.blogdothame.blog.br\/v1\/wp-json\/wp\/v2\/media?parent=109446"}],"wp:term":[{"taxonomy":"category","embeddable":true,"href":"https:\/\/www.blogdothame.blog.br\/v1\/wp-json\/wp\/v2\/categories?post=109446"},{"taxonomy":"post_tag","embeddable":true,"href":"https:\/\/www.blogdothame.blog.br\/v1\/wp-json\/wp\/v2\/tags?post=109446"}],"curies":[{"name":"wp","href":"https:\/\/api.w.org\/{rel}","templated":true}]}}