{"id":10940,"date":"2012-07-10T15:10:34","date_gmt":"2012-07-10T18:10:34","guid":{"rendered":"http:\/\/www.blogdothame.blog.br\/v1\/?p=10940"},"modified":"2012-07-10T15:10:34","modified_gmt":"2012-07-10T18:10:34","slug":"escola-profissionalizante-de-itabuna-abre-inscricoes-para-novas-turmas","status":"publish","type":"post","link":"https:\/\/www.blogdothame.blog.br\/v1\/2012\/07\/10\/escola-profissionalizante-de-itabuna-abre-inscricoes-para-novas-turmas\/","title":{"rendered":"ESCOLA PROFISSIONALIZANTE DE ITABUNA  ABRE INSCRI\u00c7\u00d5ES PARA NOVAS TURMAS"},"content":{"rendered":"<p><a href=\"http:\/\/www.blogdothame.blog.br\/v1\/wp-content\/uploads\/2012\/07\/escola-prof.jpg\"><img loading=\"lazy\" class=\"aligncenter size-medium wp-image-10941\" title=\"escola prof\" src=\"http:\/\/www.blogdothame.blog.br\/v1\/wp-content\/uploads\/2012\/07\/escola-prof-300x200.jpg\" alt=\"\" width=\"300\" height=\"200\" srcset=\"https:\/\/www.blogdothame.blog.br\/v1\/wp-content\/uploads\/2012\/07\/escola-prof-300x200.jpg 300w, https:\/\/www.blogdothame.blog.br\/v1\/wp-content\/uploads\/2012\/07\/escola-prof.jpg 400w\" sizes=\"(max-width: 300px) 100vw, 300px\" \/><\/a><\/p>\n<p>A Escola Profissionalizante de Itabuna realiza de 11 a 13 de julho as inscri\u00e7\u00f5es para os cursos que ser\u00e3o oferecidos a partir do 2\u00ba. Semestre. Nesta quarta (11) acontecem as inscri\u00e7\u00f5es para os cursos de Cabeleireiro,\u00a0Manicure, Limpeza de\u00a0 Pele, Depila\u00e7\u00e3o e Design de Sobrancelhas, Maquilagem e No\u00e7\u00f5es\u00a0de Massagem. Na quinta (12), para os cursos de Corte e Costura, Confec\u00e7\u00e3o em Malha, Confec\u00e7\u00e3o de Roupa \u00cdntima, Artesanatos ( seis diferentes cursos), Biscuit, Bordado \u00e0\u00a0M\u00e3o e\u00a0 Customiza\u00e7\u00e3o. Na sexta (13) ser\u00e3o inscritos candidatos aos cursos de Culin\u00e1ria B\u00e1sica,\u00a0Torta doce e salgados, Culin\u00e1ria trivial, Salgados e doces finos, Pintura\u00a0em Tecido, Pintura em telhas e em sabonetes, Croch\u00ea, Inform\u00e1tica.<\/p>\n<p>As inscri\u00e7\u00f5es podem ser feitas das 8 \u00e0s 16 horas, na sede a EPI, na rua S\u00e3o Vicente de Paula n\u00ba238, centro. A coordenadora da Escola Profissionalizante, Silvana Azevedo Rocha, destaca que os cursos, que oferecem 1027 vagas, s\u00e3o gratuitos destinam \u00e0 qualifica\u00e7\u00e3o profissional e inser\u00e7\u00e3o no mercado de trabalho.<\/p>\n","protected":false},"excerpt":{"rendered":"<p>A Escola Profissionalizante de Itabuna realiza de 11 a 13 de julho as inscri\u00e7\u00f5es para os cursos que ser\u00e3o oferecidos a partir do 2\u00ba. Semestre. Nesta quarta (11) acontecem as inscri\u00e7\u00f5es para os cursos de Cabeleireiro,\u00a0Manicure, Limpeza de\u00a0 Pele, Depila\u00e7\u00e3o e Design de Sobrancelhas, Maquilagem e No\u00e7\u00f5es\u00a0de Massagem. Na quinta (12), para os cursos de [&hellip;]<\/p>\n","protected":false},"author":2,"featured_media":0,"comment_status":"open","ping_status":"open","sticky":false,"template":"","format":"standard","meta":{"_links_to":"","_links_to_target":""},"categories":[1],"tags":[3767,3769,3768],"_links":{"self":[{"href":"https:\/\/www.blogdothame.blog.br\/v1\/wp-json\/wp\/v2\/posts\/10940"}],"collection":[{"href":"https:\/\/www.blogdothame.blog.br\/v1\/wp-json\/wp\/v2\/posts"}],"about":[{"href":"https:\/\/www.blogdothame.blog.br\/v1\/wp-json\/wp\/v2\/types\/post"}],"author":[{"embeddable":true,"href":"https:\/\/www.blogdothame.blog.br\/v1\/wp-json\/wp\/v2\/users\/2"}],"replies":[{"embeddable":true,"href":"https:\/\/www.blogdothame.blog.br\/v1\/wp-json\/wp\/v2\/comments?post=10940"}],"version-history":[{"count":1,"href":"https:\/\/www.blogdothame.blog.br\/v1\/wp-json\/wp\/v2\/posts\/10940\/revisions"}],"predecessor-version":[{"id":10942,"href":"https:\/\/www.blogdothame.blog.br\/v1\/wp-json\/wp\/v2\/posts\/10940\/revisions\/10942"}],"wp:attachment":[{"href":"https:\/\/www.blogdothame.blog.br\/v1\/wp-json\/wp\/v2\/media?parent=10940"}],"wp:term":[{"taxonomy":"category","embeddable":true,"href":"https:\/\/www.blogdothame.blog.br\/v1\/wp-json\/wp\/v2\/categories?post=10940"},{"taxonomy":"post_tag","embeddable":true,"href":"https:\/\/www.blogdothame.blog.br\/v1\/wp-json\/wp\/v2\/tags?post=10940"}],"curies":[{"name":"wp","href":"https:\/\/api.w.org\/{rel}","templated":true}]}}