{"id":109287,"date":"2020-11-25T14:12:38","date_gmt":"2020-11-25T17:12:38","guid":{"rendered":"http:\/\/www.blogdothame.blog.br\/v1\/?p=109287"},"modified":"2020-11-25T15:14:40","modified_gmt":"2020-11-25T18:14:40","slug":"conjunto-penal-de-itabuna-comemora-o-dia-da-consciencia-negra-com-musica-artes-e-acaraje","status":"publish","type":"post","link":"https:\/\/www.blogdothame.blog.br\/v1\/2020\/11\/25\/conjunto-penal-de-itabuna-comemora-o-dia-da-consciencia-negra-com-musica-artes-e-acaraje\/","title":{"rendered":"Conjunto Penal de Itabuna comemora o Dia da Consci\u00eancia Negra com m\u00fasica, artes e acaraj\u00e9"},"content":{"rendered":"<p><img loading=\"lazy\" class=\"aligncenter size-medium wp-image-109288\" src=\"http:\/\/www.blogdothame.blog.br\/v1\/wp-content\/uploads\/2020\/11\/A355AD47-5D7D-42B4-A087-7EDB518AB464-300x170.jpeg\" alt=\"A355AD47-5D7D-42B4-A087-7EDB518AB464\" width=\"300\" height=\"170\" srcset=\"https:\/\/www.blogdothame.blog.br\/v1\/wp-content\/uploads\/2020\/11\/A355AD47-5D7D-42B4-A087-7EDB518AB464-300x170.jpeg 300w, https:\/\/www.blogdothame.blog.br\/v1\/wp-content\/uploads\/2020\/11\/A355AD47-5D7D-42B4-A087-7EDB518AB464.jpeg 388w\" sizes=\"(max-width: 300px) 100vw, 300px\" \/><\/p>\n<p>Conjunto Penal de Itabuna comemora o Dia da Consci\u00eancia Negra com m\u00fasica, artes e acaraj\u00e9<\/p>\n<p>Ser\u00e1 realizado, nesta quinta-feira (26), a partir das 9 horas, no Conjunto Penal de Itabuna, um evento cultural em comemora\u00e7\u00e3o ao Dia da Consci\u00eancia Negra (20 de Novembro). Haver\u00e1 show musical para os internos e internas, com integrantes do grupo percussivo Encantarte e da banda Negras Perfumadas.<\/p>\n<p>O evento tamb\u00e9m ser\u00e1 a culmin\u00e2ncia do projeto de Remi\u00e7\u00e3o pela Leitura, com apresenta\u00e7\u00e3o das obras produzidas pelos reeducandos a partir das leituras e discuss\u00f5es sobre a tem\u00e1tica &#8220;Consci\u00eancia Negra&#8221;.<!--more--><\/p>\n<p>Haver\u00e1, ainda, apresenta\u00e7\u00e3o musical de internos que fazem parte do curso de Viol\u00e3o e exposi\u00e7\u00e3o de artes pl\u00e1sticas. Tudo regado a comidas t\u00edpicas (acaraj\u00e9 e outras).<\/p>\n<p>&#8220;Ser\u00e1 uma celebra\u00e7\u00e3o da cultura negra, num momento em que o pa\u00eds e o mundo discutem o tema da import\u00e2ncia das vidas negras e outros movimentos antirracistas&#8221;, diz a coordenadora do Corpo T\u00e9cnico do pres\u00eddio, Rejany Moror\u00f3.<\/p>\n<p>realizado, nesta quinta-feira (26), a partir das 9 horas, no Conjunto Penal de Itabuna, um evento cultural em comemora\u00e7\u00e3o ao Dia da Consci\u00eancia Negra (20 de Novembro). Haver\u00e1 show musical para os internos e internas, com integrantes do grupo percussivo Encantarte e da banda Negras Perfumadas.<\/p>\n<p>O evento tamb\u00e9m ser\u00e1 a culmin\u00e2ncia do projeto de Remi\u00e7\u00e3o pela Leitura, com apresenta\u00e7\u00e3o das obras produzidas pelos reeducandos a partir das leituras e discuss\u00f5es sobre a tem\u00e1tica &#8220;Consci\u00eancia Negra&#8221;.<\/p>\n<p>Haver\u00e1, ainda, apresenta\u00e7\u00e3o musical de internos que fazem parte do curso de Viol\u00e3o e exposi\u00e7\u00e3o de artes pl\u00e1sticas. Tudo regado a comidas t\u00edpicas (acaraj\u00e9 e outras).<\/p>\n<p>&#8220;Ser\u00e1 uma celebra\u00e7\u00e3o da cultura negra, num momento em que o pa\u00eds e o mundo discutem o tema da import\u00e2ncia das vidas negras e outros movimentos antirracistas&#8221;, diz a coordenadora do Corpo T\u00e9cnico do pres\u00eddio, Rejany Moror\u00f3.<\/p>\n","protected":false},"excerpt":{"rendered":"<p>Conjunto Penal de Itabuna comemora o Dia da Consci\u00eancia Negra com m\u00fasica, artes e acaraj\u00e9 Ser\u00e1 realizado, nesta quinta-feira (26), a partir das 9 horas, no Conjunto Penal de Itabuna, um evento cultural em comemora\u00e7\u00e3o ao Dia da Consci\u00eancia Negra (20 de Novembro). Haver\u00e1 show musical para os internos e internas, com integrantes do grupo [&hellip;]<\/p>\n","protected":false},"author":2,"featured_media":0,"comment_status":"open","ping_status":"open","sticky":false,"template":"","format":"standard","meta":{"_links_to":"","_links_to_target":""},"categories":[1],"tags":[],"_links":{"self":[{"href":"https:\/\/www.blogdothame.blog.br\/v1\/wp-json\/wp\/v2\/posts\/109287"}],"collection":[{"href":"https:\/\/www.blogdothame.blog.br\/v1\/wp-json\/wp\/v2\/posts"}],"about":[{"href":"https:\/\/www.blogdothame.blog.br\/v1\/wp-json\/wp\/v2\/types\/post"}],"author":[{"embeddable":true,"href":"https:\/\/www.blogdothame.blog.br\/v1\/wp-json\/wp\/v2\/users\/2"}],"replies":[{"embeddable":true,"href":"https:\/\/www.blogdothame.blog.br\/v1\/wp-json\/wp\/v2\/comments?post=109287"}],"version-history":[{"count":1,"href":"https:\/\/www.blogdothame.blog.br\/v1\/wp-json\/wp\/v2\/posts\/109287\/revisions"}],"predecessor-version":[{"id":109289,"href":"https:\/\/www.blogdothame.blog.br\/v1\/wp-json\/wp\/v2\/posts\/109287\/revisions\/109289"}],"wp:attachment":[{"href":"https:\/\/www.blogdothame.blog.br\/v1\/wp-json\/wp\/v2\/media?parent=109287"}],"wp:term":[{"taxonomy":"category","embeddable":true,"href":"https:\/\/www.blogdothame.blog.br\/v1\/wp-json\/wp\/v2\/categories?post=109287"},{"taxonomy":"post_tag","embeddable":true,"href":"https:\/\/www.blogdothame.blog.br\/v1\/wp-json\/wp\/v2\/tags?post=109287"}],"curies":[{"name":"wp","href":"https:\/\/api.w.org\/{rel}","templated":true}]}}