{"id":109273,"date":"2020-11-25T10:32:31","date_gmt":"2020-11-25T13:32:31","guid":{"rendered":"http:\/\/www.blogdothame.blog.br\/v1\/?p=109273"},"modified":"2020-12-22T14:00:11","modified_gmt":"2020-12-22T17:00:11","slug":"shopping-jequitiba-tera-quatro-dias-de-black-friday-para-evitar-aglomeracoes","status":"publish","type":"post","link":"https:\/\/www.blogdothame.blog.br\/v1\/2020\/11\/25\/shopping-jequitiba-tera-quatro-dias-de-black-friday-para-evitar-aglomeracoes\/","title":{"rendered":"Shopping Jequitib\u00e1 ter\u00e1 quatro dias de Black Friday para evitar aglomera\u00e7\u00f5es"},"content":{"rendered":"<p><img loading=\"lazy\" class=\"aligncenter size-medium wp-image-109274\" src=\"http:\/\/www.blogdothame.blog.br\/v1\/wp-content\/uploads\/2020\/11\/7A8FD017-7E60-4ABD-B2E7-7B98A5291E96-300x200.jpeg\" alt=\"7A8FD017-7E60-4ABD-B2E7-7B98A5291E96\" width=\"300\" height=\"200\" srcset=\"https:\/\/www.blogdothame.blog.br\/v1\/wp-content\/uploads\/2020\/11\/7A8FD017-7E60-4ABD-B2E7-7B98A5291E96-300x200.jpeg 300w, https:\/\/www.blogdothame.blog.br\/v1\/wp-content\/uploads\/2020\/11\/7A8FD017-7E60-4ABD-B2E7-7B98A5291E96-1024x682.jpeg 1024w, https:\/\/www.blogdothame.blog.br\/v1\/wp-content\/uploads\/2020\/11\/7A8FD017-7E60-4ABD-B2E7-7B98A5291E96.jpeg 1280w\" sizes=\"(max-width: 300px) 100vw, 300px\" \/><\/p>\n<p>&nbsp;<\/p>\n<p>Em ano de pandemia da Covid 19, o Black Friday, a a\u00e7\u00e3o que tradicionalmente acontece numa sexta-feira, ter\u00e1 quatro dias de dura\u00e7\u00e3o no Shopping Jequitib\u00e1. O objetivo \u00e9 permitir que os clientes possam aproveitar os descontos oferecidos pelas lojas e evitar aglomera\u00e7\u00f5es.<\/p>\n<p>Com isso, o Black Friday do Jequitib\u00e1 acontece de 26 a 29 de novembro, no hor\u00e1rio normal de funcionamento, de quinta \u00e0 s\u00e1bado das 10 \u00e0s 22 horas e no domingo das 14 \u00e0s 20 horas.<\/p>\n<p>A exemplo do que acontece desde que o shopping foi reaberto, os lojistas est\u00e3o sendo orientados sobre a quantidade de clientes que podem ser atendidos simultaneamente (o que depende do tamanho da loja) e a necessidade de higieniza\u00e7\u00e3o permanente dos produtos.<\/p>\n<p>As lojas participantes e as promo\u00e7\u00f5es podem ser conferidas nas redes sociais do shopping e no APP do Jequitib\u00e1, dispon\u00edvel para o sistema Android e Apple.\u00a0De acordo com a superintendente do Shopping Jequitib\u00e1, Vera Guimar\u00e3es, desde a reabertura do empreendimento, a recupera\u00e7\u00e3o tem sido crescente e com a Black Friday a expectativa \u00e9 de que se tenha um aumento de mais de 20% nas vendas em rela\u00e7\u00e3o ao ano anterior. \u201c Essa data \u00e9 importante para o setor varejista e n\u00f3s estamos confiantes\u201d, ressalta.<\/p>\n<p><!--more--><br \/>\nPROTOCOLOS DE SEGURAN\u00c7A<\/p>\n<p>As medidas adotadas pelo Shopping Jequitib\u00e1 visam garantir a seguran\u00e7a dos clientes, parceiros e colaboradores, atendendo as normas determinadas pela Organiza\u00e7\u00e3o Mundial de Sa\u00fade. Entre os protocolos adotados est\u00e3o a medi\u00e7\u00e3o de temperatura nas duas entradas, uso obrigat\u00f3rio de m\u00e1scaras por parte de clientes, lojistas e funcion\u00e1rios, sinaliza\u00e7\u00e3o para o distanciamento social, instala\u00e7\u00e3o de totens e dispensers com \u00e1lcool gel 70% em pontos de f\u00e1cil alcance e amplia\u00e7\u00e3o dos procedimentos de desinfec\u00e7\u00e3o de superf\u00edcies frequentemente tocadas pelas m\u00e3os.<\/p>\n","protected":false},"excerpt":{"rendered":"<p>&nbsp; Em ano de pandemia da Covid 19, o Black Friday, a a\u00e7\u00e3o que tradicionalmente acontece numa sexta-feira, ter\u00e1 quatro dias de dura\u00e7\u00e3o no Shopping Jequitib\u00e1. O objetivo \u00e9 permitir que os clientes possam aproveitar os descontos oferecidos pelas lojas e evitar aglomera\u00e7\u00f5es. Com isso, o Black Friday do Jequitib\u00e1 acontece de 26 a 29 [&hellip;]<\/p>\n","protected":false},"author":2,"featured_media":0,"comment_status":"open","ping_status":"open","sticky":false,"template":"","format":"standard","meta":{"_links_to":"","_links_to_target":""},"categories":[1],"tags":[],"_links":{"self":[{"href":"https:\/\/www.blogdothame.blog.br\/v1\/wp-json\/wp\/v2\/posts\/109273"}],"collection":[{"href":"https:\/\/www.blogdothame.blog.br\/v1\/wp-json\/wp\/v2\/posts"}],"about":[{"href":"https:\/\/www.blogdothame.blog.br\/v1\/wp-json\/wp\/v2\/types\/post"}],"author":[{"embeddable":true,"href":"https:\/\/www.blogdothame.blog.br\/v1\/wp-json\/wp\/v2\/users\/2"}],"replies":[{"embeddable":true,"href":"https:\/\/www.blogdothame.blog.br\/v1\/wp-json\/wp\/v2\/comments?post=109273"}],"version-history":[{"count":3,"href":"https:\/\/www.blogdothame.blog.br\/v1\/wp-json\/wp\/v2\/posts\/109273\/revisions"}],"predecessor-version":[{"id":110386,"href":"https:\/\/www.blogdothame.blog.br\/v1\/wp-json\/wp\/v2\/posts\/109273\/revisions\/110386"}],"wp:attachment":[{"href":"https:\/\/www.blogdothame.blog.br\/v1\/wp-json\/wp\/v2\/media?parent=109273"}],"wp:term":[{"taxonomy":"category","embeddable":true,"href":"https:\/\/www.blogdothame.blog.br\/v1\/wp-json\/wp\/v2\/categories?post=109273"},{"taxonomy":"post_tag","embeddable":true,"href":"https:\/\/www.blogdothame.blog.br\/v1\/wp-json\/wp\/v2\/tags?post=109273"}],"curies":[{"name":"wp","href":"https:\/\/api.w.org\/{rel}","templated":true}]}}