{"id":109206,"date":"2020-11-23T15:17:37","date_gmt":"2020-11-23T18:17:37","guid":{"rendered":"http:\/\/www.blogdothame.blog.br\/v1\/?p=109206"},"modified":"2020-11-23T15:35:00","modified_gmt":"2020-11-23T18:35:00","slug":"itabuna-pacientes-com-a-covid-19-ocupam-100-dos-leitos-de-uti-no-hospital-de-base","status":"publish","type":"post","link":"https:\/\/www.blogdothame.blog.br\/v1\/2020\/11\/23\/itabuna-pacientes-com-a-covid-19-ocupam-100-dos-leitos-de-uti-no-hospital-de-base\/","title":{"rendered":"Itabuna: pacientes com a Covid-19 ocupam 100% dos leitos de UTI no Hospital de Base"},"content":{"rendered":"<p><img loading=\"lazy\" class=\"aligncenter size-medium wp-image-109211\" src=\"http:\/\/www.blogdothame.blog.br\/v1\/wp-content\/uploads\/2020\/11\/hospital-de-base-300x207.jpg\" alt=\"hospital de base\" width=\"300\" height=\"207\" srcset=\"https:\/\/www.blogdothame.blog.br\/v1\/wp-content\/uploads\/2020\/11\/hospital-de-base-300x207.jpg 300w, https:\/\/www.blogdothame.blog.br\/v1\/wp-content\/uploads\/2020\/11\/hospital-de-base.jpg 482w\" sizes=\"(max-width: 300px) 100vw, 300px\" \/><\/p>\n<p>O Hospital de Base Lu\u00eds Eduardo Magalh\u00e3es (Hblem), em Itabuna, que passou por muitas semanas com sua ocupa\u00e7\u00e3o quase zerada, na manh\u00e3 desta segunda-feira (23) registrou 100% de ocupa\u00e7\u00e3o dos leitos de UTI (Unidade de Terapia Intensiva). S\u00e3o 20 leitos de UTI no hospital para pacientes com a COVID-19. De acordo com a Secretaria Municipal de Sa\u00fade, caso algum paciente do munic\u00edpio necessite neste momento de um leito de UTI, dever\u00e1 ser transferido, via Central de Regula\u00e7\u00e3o, para um hospital em Vit\u00f3ria da Conquista, Ilh\u00e9us ou Salvador.<\/p>\n<p>Ainda de acordo com a Secretaria Municipal de Sa\u00fade, dos pacientes internados nos leitos cl\u00ednicos do Hblem nesta segunda-feira, 56% s\u00e3o de Itabuna, e 44% s\u00e3o de outras cidades. Neste momento, dos 32 leitos cl\u00ednicos, nove est\u00e3o ocupados. Vale ressaltar que no munic\u00edpio de Itabuna, os n\u00fameros de leitos dispon\u00edveis se apresentam da seguinte forma: Leitos de UTI \u2013 20 no Hblem, e tr\u00eas no Hospital Manoel Novaes. Leitos Cl\u00ednicos \u2013 32 no Hblem e 10 no Manoel Novaes, al\u00e9m de quatro leitos semi intensivo.<\/p>\n","protected":false},"excerpt":{"rendered":"<p>O Hospital de Base Lu\u00eds Eduardo Magalh\u00e3es (Hblem), em Itabuna, que passou por muitas semanas com sua ocupa\u00e7\u00e3o quase zerada, na manh\u00e3 desta segunda-feira (23) registrou 100% de ocupa\u00e7\u00e3o dos leitos de UTI (Unidade de Terapia Intensiva). S\u00e3o 20 leitos de UTI no hospital para pacientes com a COVID-19. De acordo com a Secretaria Municipal [&hellip;]<\/p>\n","protected":false},"author":2,"featured_media":0,"comment_status":"open","ping_status":"open","sticky":false,"template":"","format":"standard","meta":{"_links_to":"","_links_to_target":""},"categories":[1],"tags":[26839,16360,11244],"_links":{"self":[{"href":"https:\/\/www.blogdothame.blog.br\/v1\/wp-json\/wp\/v2\/posts\/109206"}],"collection":[{"href":"https:\/\/www.blogdothame.blog.br\/v1\/wp-json\/wp\/v2\/posts"}],"about":[{"href":"https:\/\/www.blogdothame.blog.br\/v1\/wp-json\/wp\/v2\/types\/post"}],"author":[{"embeddable":true,"href":"https:\/\/www.blogdothame.blog.br\/v1\/wp-json\/wp\/v2\/users\/2"}],"replies":[{"embeddable":true,"href":"https:\/\/www.blogdothame.blog.br\/v1\/wp-json\/wp\/v2\/comments?post=109206"}],"version-history":[{"count":4,"href":"https:\/\/www.blogdothame.blog.br\/v1\/wp-json\/wp\/v2\/posts\/109206\/revisions"}],"predecessor-version":[{"id":109212,"href":"https:\/\/www.blogdothame.blog.br\/v1\/wp-json\/wp\/v2\/posts\/109206\/revisions\/109212"}],"wp:attachment":[{"href":"https:\/\/www.blogdothame.blog.br\/v1\/wp-json\/wp\/v2\/media?parent=109206"}],"wp:term":[{"taxonomy":"category","embeddable":true,"href":"https:\/\/www.blogdothame.blog.br\/v1\/wp-json\/wp\/v2\/categories?post=109206"},{"taxonomy":"post_tag","embeddable":true,"href":"https:\/\/www.blogdothame.blog.br\/v1\/wp-json\/wp\/v2\/tags?post=109206"}],"curies":[{"name":"wp","href":"https:\/\/api.w.org\/{rel}","templated":true}]}}