{"id":109029,"date":"2020-11-18T16:30:25","date_gmt":"2020-11-18T19:30:25","guid":{"rendered":"http:\/\/www.blogdothame.blog.br\/v1\/?p=109029"},"modified":"2020-11-18T14:12:16","modified_gmt":"2020-11-18T17:12:16","slug":"pro-catador-realiza-oficina-em-ilheus","status":"publish","type":"post","link":"https:\/\/www.blogdothame.blog.br\/v1\/2020\/11\/18\/pro-catador-realiza-oficina-em-ilheus\/","title":{"rendered":"Pr\u00f3-Catador realiza oficina em Ilh\u00e9us"},"content":{"rendered":"<p><img loading=\"lazy\" class=\"alignright size-medium wp-image-109030\" src=\"http:\/\/www.blogdothame.blog.br\/v1\/wp-content\/uploads\/2020\/11\/940BFFAE-F223-4212-AAAD-0113B27C8852-300x160.jpeg\" alt=\"940BFFAE-F223-4212-AAAD-0113B27C8852\" width=\"300\" height=\"160\" srcset=\"https:\/\/www.blogdothame.blog.br\/v1\/wp-content\/uploads\/2020\/11\/940BFFAE-F223-4212-AAAD-0113B27C8852-300x160.jpeg 300w, https:\/\/www.blogdothame.blog.br\/v1\/wp-content\/uploads\/2020\/11\/940BFFAE-F223-4212-AAAD-0113B27C8852.jpeg 640w\" sizes=\"(max-width: 300px) 100vw, 300px\" \/><\/p>\n<p>&nbsp;<\/p>\n<p>Trabalhar habilidades espec\u00edficas necess\u00e1rias \u00e0 atividade de reciclagem para melhorar o beneficiamento e a diferencia\u00e7\u00e3o de materiais coletados. \u00c9 com este objetivo que ser\u00e1 ministrada uma oficina nesta quinta, 19, na sede da Associa\u00e7\u00e3o Centro Educacional de A\u00e7\u00e3o Integrada (Aceai), em Ilh\u00e9us. Direcionada a membros da Cooperativa de Catadores de Materiais Recicl\u00e1veis de Ilh\u00e9us (Coolimpa), a atividade tem in\u00edcio \u00e0s 13h e conta com a participa\u00e7\u00e3o da palestrante Priscilla Costa.<\/p>\n<p>Com vasta experi\u00eancia na \u00e1rea de res\u00edduos s\u00f3lidos, Priscilla Costa \u00e9 embaixadora Lixo Zero pelo Instituto Lixo Zero Brasil e embaixadora da Juventude Lixo Zero pelo Zero Waste Youth. Ser\u00e3o abordados pontos como separa\u00e7\u00e3o, armazenamento e prensa de res\u00edduos com compartilhamento de informa\u00e7\u00f5es sobre todas as etapas do processo de reciclagem aliando conte\u00fados te\u00f3ricos e pr\u00e1ticos.<!--more--><\/p>\n<p>Os catadores e catadoras contar\u00e3o tamb\u00e9m com a presen\u00e7a das bi\u00f3logas e integrantes do Pr\u00f3-Catador, a coordenadora Lorena Nascimento e a t\u00e9cnica Mariana Xavier que contribuir\u00e3o com conhecimento na \u00e1rea de educa\u00e7\u00e3o ambiental.<\/p>\n<p>Catadores urbanos dos munic\u00edpios atendidos que se interessarem na forma\u00e7\u00e3o podem entrar em contato pelo telefone (73) 98891-6954. Ser\u00e3o realizados outros encontros nas outras cidades posteriormente.<\/p>\n<p>*O PR\u00d3-CATADOR*<\/p>\n<p>O Pr\u00f3-Catador Rede Sul tem atua\u00e7\u00e3o em Itabuna e outros seis munic\u00edpios do Sul da Bahia com capacita\u00e7\u00f5es para catadores de materiais recicl\u00e1veis fornecendo-lhes apoio te\u00f3rico t\u00e9cnico \u2013 tanto aos catadores organizados, quanto aos n\u00e3o organizados. Com a chancela da Secretaria do Trabalho, Emprego, Renda e Esporte (Setre), o projeto tem gest\u00e3o do Centro P\u00fablico de Economia Solid\u00e1ria (Cesol) Litoral Sul e agrega equipe multiprofissional de bi\u00f3logos, assistente social, professor de educa\u00e7\u00e3o f\u00edsica, contador, advogado, designer, jornalista e t\u00e9cnicos especializados em rotina de cooperativa de res\u00edduos s\u00f3lidos.<\/p>\n<p>A execu\u00e7\u00e3o se d\u00e1 nos munic\u00edpios de Itabuna, Ilh\u00e9us, Itacar\u00e9, Itamaraju, Teixeira de Freitas, Eun\u00e1polis e Porto Seguro onde ter\u00e1 um acompanhamento e valoriza\u00e7\u00e3o dos profissionais que atuam na \u00e1rea de reciclagem. O acompanhamento \u00e9 semelhante ao que j\u00e1 \u00e9 realizado pelo Cesol que atende associados da regi\u00e3o gerando renda e condi\u00e7\u00f5es dignas de trabalho. O p\u00fablico atendido pelo projeto tamb\u00e9m receber\u00e1 kits de apoio, EPIs (calda de brim, camisa de brim, bota, luvas, filtros) e maquin\u00e1rios (para cooperativas consolidadas).<\/p>\n<p>*_Ascom Cesol Litoral Sul_*<\/p>\n","protected":false},"excerpt":{"rendered":"<p>&nbsp; Trabalhar habilidades espec\u00edficas necess\u00e1rias \u00e0 atividade de reciclagem para melhorar o beneficiamento e a diferencia\u00e7\u00e3o de materiais coletados. \u00c9 com este objetivo que ser\u00e1 ministrada uma oficina nesta quinta, 19, na sede da Associa\u00e7\u00e3o Centro Educacional de A\u00e7\u00e3o Integrada (Aceai), em Ilh\u00e9us. Direcionada a membros da Cooperativa de Catadores de Materiais Recicl\u00e1veis de Ilh\u00e9us [&hellip;]<\/p>\n","protected":false},"author":2,"featured_media":0,"comment_status":"open","ping_status":"open","sticky":false,"template":"","format":"standard","meta":{"_links_to":"","_links_to_target":""},"categories":[1],"tags":[],"_links":{"self":[{"href":"https:\/\/www.blogdothame.blog.br\/v1\/wp-json\/wp\/v2\/posts\/109029"}],"collection":[{"href":"https:\/\/www.blogdothame.blog.br\/v1\/wp-json\/wp\/v2\/posts"}],"about":[{"href":"https:\/\/www.blogdothame.blog.br\/v1\/wp-json\/wp\/v2\/types\/post"}],"author":[{"embeddable":true,"href":"https:\/\/www.blogdothame.blog.br\/v1\/wp-json\/wp\/v2\/users\/2"}],"replies":[{"embeddable":true,"href":"https:\/\/www.blogdothame.blog.br\/v1\/wp-json\/wp\/v2\/comments?post=109029"}],"version-history":[{"count":1,"href":"https:\/\/www.blogdothame.blog.br\/v1\/wp-json\/wp\/v2\/posts\/109029\/revisions"}],"predecessor-version":[{"id":109031,"href":"https:\/\/www.blogdothame.blog.br\/v1\/wp-json\/wp\/v2\/posts\/109029\/revisions\/109031"}],"wp:attachment":[{"href":"https:\/\/www.blogdothame.blog.br\/v1\/wp-json\/wp\/v2\/media?parent=109029"}],"wp:term":[{"taxonomy":"category","embeddable":true,"href":"https:\/\/www.blogdothame.blog.br\/v1\/wp-json\/wp\/v2\/categories?post=109029"},{"taxonomy":"post_tag","embeddable":true,"href":"https:\/\/www.blogdothame.blog.br\/v1\/wp-json\/wp\/v2\/tags?post=109029"}],"curies":[{"name":"wp","href":"https:\/\/api.w.org\/{rel}","templated":true}]}}