{"id":108953,"date":"2020-11-17T15:30:32","date_gmt":"2020-11-17T18:30:32","guid":{"rendered":"http:\/\/www.blogdothame.blog.br\/v1\/?p=108953"},"modified":"2020-11-17T10:46:17","modified_gmt":"2020-11-17T13:46:17","slug":"segunda-onda-animacao-ensina-como-se-proteger-do-coronavirus","status":"publish","type":"post","link":"https:\/\/www.blogdothame.blog.br\/v1\/2020\/11\/17\/segunda-onda-animacao-ensina-como-se-proteger-do-coronavirus\/","title":{"rendered":"Segunda Onda? Anima\u00e7\u00e3o ensina como se proteger do coronav\u00edrus"},"content":{"rendered":"<p><iframe loading=\"lazy\" width=\"560\" height=\"315\" src=\"https:\/\/www.youtube.com\/embed\/VXZwyzpf4Lw\" frameborder=\"0\" allow=\"accelerometer; autoplay; clipboard-write; encrypted-media; gyroscope; picture-in-picture\" allowfullscreen><\/iframe><\/p>\n<p>As elei\u00e7\u00f5es municipais terminaram nas cidades que n\u00e3o ter\u00e3o segundo turno e o Brasil continua enfrentando um inimigo invis\u00edvel: O Coronav\u00edrus. Nos \u00faltimos dias, os profissionais de sa\u00fade acenderam o alerta para o aumento de casos e levantaram a hip\u00f3tese de uma nova onda da doen\u00e7a. <\/p>\n<p>O futuro dos munic\u00edpios s\u00e3o decididos atrav\u00e9s das urnas, mas os das pessoas que est\u00e3o por tr\u00e1s de toda essa disputa, desde a candidatos at\u00e9 os eleitores, incluindo aqueles que est\u00e3o trabalhando de maneira informal para se manterem. <\/p>\n<p>A m\u00e1scara e o \u00e1lcool gel se tornaram parte da rotina dos brasileiros. Para evitar uma nova onda da COVID-19 e, consequentemente, uma nova paralisa\u00e7\u00e3o, \u00e9 importante a conscientiza\u00e7\u00e3o. Pensando nisso, A Turma do Sextou lan\u00e7ou um v\u00eddeo falando sobre os cuidados necess\u00e1rios para enfrentar o novo Coronav\u00edrus. <\/p>\n<p><!--more--><\/p>\n<p>Juntos para conscientizar a popula\u00e7\u00e3o, Jean e Bya (criadores da anima\u00e7\u00e3o) reuniram algumas dicas importantes para cuidar da sa\u00fade dos adultos e, principalmente, das crian\u00e7as. Jean destaca que o v\u00eddeo surgiu em maio, perante a primeira onda da doen\u00e7a, mas destaca que \u00e9 importante evidenciar esses cuidados:<\/p>\n<p>\u201cComo nem todos podem ficar em casa, o v\u00eddeo vem para incentivar aqueles devem se proteger. A m\u00e1scara \u00e9 importante, lavar as m\u00e3os \u00e9 importante e, n\u00f3s queremos que a sociedade tamb\u00e9m entenda isso. Cuidar de si \u00e9 cuidar da fam\u00edlia.\u201d<\/p>\n","protected":false},"excerpt":{"rendered":"<p>As elei\u00e7\u00f5es municipais terminaram nas cidades que n\u00e3o ter\u00e3o segundo turno e o Brasil continua enfrentando um inimigo invis\u00edvel: O Coronav\u00edrus. Nos \u00faltimos dias, os profissionais de sa\u00fade acenderam o alerta para o aumento de casos e levantaram a hip\u00f3tese de uma nova onda da doen\u00e7a. O futuro dos munic\u00edpios s\u00e3o decididos atrav\u00e9s das urnas, [&hellip;]<\/p>\n","protected":false},"author":2,"featured_media":0,"comment_status":"open","ping_status":"open","sticky":false,"template":"","format":"standard","meta":{"_links_to":"","_links_to_target":""},"categories":[1],"tags":[28502,26839,2069,269],"_links":{"self":[{"href":"https:\/\/www.blogdothame.blog.br\/v1\/wp-json\/wp\/v2\/posts\/108953"}],"collection":[{"href":"https:\/\/www.blogdothame.blog.br\/v1\/wp-json\/wp\/v2\/posts"}],"about":[{"href":"https:\/\/www.blogdothame.blog.br\/v1\/wp-json\/wp\/v2\/types\/post"}],"author":[{"embeddable":true,"href":"https:\/\/www.blogdothame.blog.br\/v1\/wp-json\/wp\/v2\/users\/2"}],"replies":[{"embeddable":true,"href":"https:\/\/www.blogdothame.blog.br\/v1\/wp-json\/wp\/v2\/comments?post=108953"}],"version-history":[{"count":1,"href":"https:\/\/www.blogdothame.blog.br\/v1\/wp-json\/wp\/v2\/posts\/108953\/revisions"}],"predecessor-version":[{"id":108954,"href":"https:\/\/www.blogdothame.blog.br\/v1\/wp-json\/wp\/v2\/posts\/108953\/revisions\/108954"}],"wp:attachment":[{"href":"https:\/\/www.blogdothame.blog.br\/v1\/wp-json\/wp\/v2\/media?parent=108953"}],"wp:term":[{"taxonomy":"category","embeddable":true,"href":"https:\/\/www.blogdothame.blog.br\/v1\/wp-json\/wp\/v2\/categories?post=108953"},{"taxonomy":"post_tag","embeddable":true,"href":"https:\/\/www.blogdothame.blog.br\/v1\/wp-json\/wp\/v2\/tags?post=108953"}],"curies":[{"name":"wp","href":"https:\/\/api.w.org\/{rel}","templated":true}]}}