{"id":108175,"date":"2020-10-29T18:39:07","date_gmt":"2020-10-29T21:39:07","guid":{"rendered":"http:\/\/www.blogdothame.blog.br\/v1\/?p=108175"},"modified":"2020-10-29T19:21:41","modified_gmt":"2020-10-29T22:21:41","slug":"uesc-vai-manter-atividades-nao-presenciais-ate-o-fim-do-trimestre-excepcional","status":"publish","type":"post","link":"https:\/\/www.blogdothame.blog.br\/v1\/2020\/10\/29\/uesc-vai-manter-atividades-nao-presenciais-ate-o-fim-do-trimestre-excepcional\/","title":{"rendered":"Uesc vai manter atividades n\u00e3o presenciais at\u00e9 o fim do trimestre excepcional"},"content":{"rendered":"<p style=\"font-weight: 400;\"><img loading=\"lazy\" class=\"alignright size-medium wp-image-107731\" src=\"http:\/\/www.blogdothame.blog.br\/v1\/wp-content\/uploads\/2020\/10\/uesc_noite_9-1-300x200.jpg\" alt=\"uesc_noite_9 (1)\" width=\"300\" height=\"200\" srcset=\"https:\/\/www.blogdothame.blog.br\/v1\/wp-content\/uploads\/2020\/10\/uesc_noite_9-1-300x200.jpg 300w, https:\/\/www.blogdothame.blog.br\/v1\/wp-content\/uploads\/2020\/10\/uesc_noite_9-1.jpg 640w\" sizes=\"(max-width: 300px) 100vw, 300px\" \/>A Universidade Estadual de Santa Cruz-Uesc vai cumprir o per\u00edodo letivo trimestral excepcional iniciado no dia 5 de outubro com previs\u00e3o de encerramento no dia 13 de dezembro. A medida foi aprovada na 50\u00aa Reuni\u00e3o Extraordinaria do Conselho de Ensino, Pesquisa e Extens\u00e3o da Universidade Estadual de Santa Cruz (Consepe\/Uesc) que regulamentou, em car\u00e1ter excepcional e tempor\u00e1rio, as atividades de ensino de gradua\u00e7\u00e3o e p\u00f3s-gradua\u00e7\u00e3o, tendo em vista o novo coronav\u00edrus SARS-CoV-2 causador da Covid-19.<\/p>\n<p style=\"font-weight: 400;\">A medida est\u00e1 se efetivando porque Conselho Universit\u00e1rio (Consu\/Uesc) aprovou e publicou a resolu\u00e7\u00e3o 28\/2020, autorizando, enquanto perdurar a pandemia causada pelo novo coronav\u00edrus, a manuten\u00e7\u00e3o do trabalho remoto administrativo na Universidade e assegurando que as atividades institucionais sejam desenvolvidas em conson\u00e2ncia com as orienta\u00e7\u00f5es governamentais brasileiras e da Organiza\u00e7\u00e3o Mundial de Sa\u00fade na ado\u00e7\u00e3o de medidas de controle da dissemina\u00e7\u00e3o do novo coronav\u00edrus.<\/p>\n<p style=\"font-weight: 400;\">O trabalho remoto administrativo, na Uesc, segue as rotinas estabelecidas pelas chefias imediatas, por meio da utiliza\u00e7\u00e3o dos Sistemas de Informa\u00e7\u00e3o e Comunica\u00e7\u00e3o Institucionais, de modo a configurar efetivo exerc\u00edcio do cargo pelos servidores, excetuando as atividades essenciais na modalidade presencial. Por\u00e9m, ficam dispensados aqueles servidores que se enquadram em conformidade com o Art. 1 do Decreto Estadual n\u00ba 19.528\/2020 e o Art. 4 da Resolu\u00e7\u00e3o CONSU n\u00ba 05\/2020.<\/p>\n<p style=\"font-weight: 400;\"><img loading=\"lazy\" class=\"alignleft size-medium wp-image-108176\" src=\"http:\/\/www.blogdothame.blog.br\/v1\/wp-content\/uploads\/2020\/10\/alessandro-300x200.jpg\" alt=\"alessandro\" width=\"300\" height=\"200\" srcset=\"https:\/\/www.blogdothame.blog.br\/v1\/wp-content\/uploads\/2020\/10\/alessandro-300x200.jpg 300w, https:\/\/www.blogdothame.blog.br\/v1\/wp-content\/uploads\/2020\/10\/alessandro-1024x682.jpg 1024w, https:\/\/www.blogdothame.blog.br\/v1\/wp-content\/uploads\/2020\/10\/alessandro.jpg 1280w\" sizes=\"(max-width: 300px) 100vw, 300px\" \/>As atividades letivas est\u00e3o ocorrendo com o uso e desenvolvimento de estrat\u00e9gias de ensino e aprendizagem por meio de formas de ensino n\u00e3o presencial, prioritariamente por processos de educa\u00e7\u00e3o mediada por Tecnologias da Informa\u00e7\u00e3o e Comunica\u00e7\u00e3o (TIC), recursos educacionais digitais e outras, como alternativas \u00e0s atividades presenciais para o ensino de gradua\u00e7\u00e3o e p\u00f3s-gradua\u00e7\u00e3o, denominado Ensino N\u00e3o Presencial.<\/p>\n<p style=\"font-weight: 400;\">O reitor, Alessandro Fernandes de Santana\u00a0 (foto) salienta que \u201cmesmo com a pandemia, as atividades da Universidade n\u00e3o pararam. Ao contr\u00e1rio, a a\u00e7\u00e3o efetiva dos servidores docentes e t\u00e9cnicos administrativos fez com que a Uesc se despontasse como uma institui\u00e7\u00e3o que se coloca a disposi\u00e7\u00e3o dos interessa da sociedade\u201d, concluiu<\/p>\n","protected":false},"excerpt":{"rendered":"<p>A Universidade Estadual de Santa Cruz-Uesc vai cumprir o per\u00edodo letivo trimestral excepcional iniciado no dia 5 de outubro com previs\u00e3o de encerramento no dia 13 de dezembro. A medida foi aprovada na 50\u00aa Reuni\u00e3o Extraordinaria do Conselho de Ensino, Pesquisa e Extens\u00e3o da Universidade Estadual de Santa Cruz (Consepe\/Uesc) que regulamentou, em car\u00e1ter excepcional [&hellip;]<\/p>\n","protected":false},"author":2,"featured_media":0,"comment_status":"open","ping_status":"open","sticky":false,"template":"","format":"standard","meta":{"_links_to":"","_links_to_target":""},"categories":[1],"tags":[26839,28109,3371],"_links":{"self":[{"href":"https:\/\/www.blogdothame.blog.br\/v1\/wp-json\/wp\/v2\/posts\/108175"}],"collection":[{"href":"https:\/\/www.blogdothame.blog.br\/v1\/wp-json\/wp\/v2\/posts"}],"about":[{"href":"https:\/\/www.blogdothame.blog.br\/v1\/wp-json\/wp\/v2\/types\/post"}],"author":[{"embeddable":true,"href":"https:\/\/www.blogdothame.blog.br\/v1\/wp-json\/wp\/v2\/users\/2"}],"replies":[{"embeddable":true,"href":"https:\/\/www.blogdothame.blog.br\/v1\/wp-json\/wp\/v2\/comments?post=108175"}],"version-history":[{"count":1,"href":"https:\/\/www.blogdothame.blog.br\/v1\/wp-json\/wp\/v2\/posts\/108175\/revisions"}],"predecessor-version":[{"id":108177,"href":"https:\/\/www.blogdothame.blog.br\/v1\/wp-json\/wp\/v2\/posts\/108175\/revisions\/108177"}],"wp:attachment":[{"href":"https:\/\/www.blogdothame.blog.br\/v1\/wp-json\/wp\/v2\/media?parent=108175"}],"wp:term":[{"taxonomy":"category","embeddable":true,"href":"https:\/\/www.blogdothame.blog.br\/v1\/wp-json\/wp\/v2\/categories?post=108175"},{"taxonomy":"post_tag","embeddable":true,"href":"https:\/\/www.blogdothame.blog.br\/v1\/wp-json\/wp\/v2\/tags?post=108175"}],"curies":[{"name":"wp","href":"https:\/\/api.w.org\/{rel}","templated":true}]}}