{"id":107535,"date":"2020-10-16T09:39:46","date_gmt":"2020-10-16T12:39:46","guid":{"rendered":"http:\/\/www.blogdothame.blog.br\/v1\/?p=107535"},"modified":"2020-10-16T10:36:58","modified_gmt":"2020-10-16T13:36:58","slug":"conjunto-penal-de-itabuna-inicia-retomada-das-visitas-com-cuidados-redobrados-contra-o-novo-coronavirus","status":"publish","type":"post","link":"https:\/\/www.blogdothame.blog.br\/v1\/2020\/10\/16\/conjunto-penal-de-itabuna-inicia-retomada-das-visitas-com-cuidados-redobrados-contra-o-novo-coronavirus\/","title":{"rendered":"Conjunto Penal de Itabuna inicia retomada das visitas com cuidados redobrados contra o novo coronav\u00edrus"},"content":{"rendered":"<p><img loading=\"lazy\" class=\"alignright size-medium wp-image-107554\" src=\"http:\/\/www.blogdothame.blog.br\/v1\/wp-content\/uploads\/2020\/10\/cpi-1-300x169.jpeg\" alt=\"cpi 1\" width=\"300\" height=\"169\" srcset=\"https:\/\/www.blogdothame.blog.br\/v1\/wp-content\/uploads\/2020\/10\/cpi-1-300x169.jpeg 300w, https:\/\/www.blogdothame.blog.br\/v1\/wp-content\/uploads\/2020\/10\/cpi-1-1024x576.jpeg 1024w, https:\/\/www.blogdothame.blog.br\/v1\/wp-content\/uploads\/2020\/10\/cpi-1.jpeg 1032w\" sizes=\"(max-width: 300px) 100vw, 300px\" \/>Na pr\u00f3xima ter\u00e7a-feira (20), as 26 unidades prisionais da Bahia iniciar\u00e3o a fase de retomada das visitas sociais. O Conjunto Penal de Itabuna (CPI) j\u00e1 est\u00e1 tomando todas as provid\u00eancias para garantir a seguran\u00e7a sanit\u00e1ria para visitantes, internos e funcion\u00e1rios. A retomada prev\u00ea um intervalo de 15 dias para visita\u00e7\u00e3o de cada grupo, como forma de garantir uma janela epidemiol\u00f3gica segura para observa\u00e7\u00e3o dos grupos visitados.<\/p>\n<p>Algumas mudan\u00e7as foram implementadas, visando assegurar essa prote\u00e7\u00e3o, a come\u00e7ar pelo n\u00famero de visitantes. Ser\u00e1 apenas um visitante por interno, adulto, com idade entre 18 e 59 anos. As visitas tamb\u00e9m n\u00e3o poder\u00e3o adentrar com nenhum objeto<\/p>\n<p>Nesse momento de retomada, o hor\u00e1rio previsto de perman\u00eancia nas \u00e1reas de conviv\u00eancia \u00e9 das 8 \u00e0s 12, mas quem for visitar deve chegar uma hora antes da entrada, para que sejam cumpridos todos os protocolos sanit\u00e1rios e de verifica\u00e7\u00e3o de sinais de sa\u00fade.<\/p>\n<p>\u201cTeremos, na \u00e1rea externa, uma primeira barreira sanit\u00e1ria, dotada de todos os insumos e com enfermeiros e monitores paramentados com equipamentos de prote\u00e7\u00e3o individual. Os profissionais de sa\u00fade far\u00e3o a aferi\u00e7\u00e3o de temperatura e de satura\u00e7\u00e3o do oxig\u00eanio no sangue, dois indicadores de complica\u00e7\u00f5es ligadas \u00e0 Covid-19\u201d, informa o diretor do CPI, major PM Adriano Val\u00e9rio J\u00e1come da Silva.<\/p>\n<p><!--more--><\/p>\n<p><img loading=\"lazy\" class=\"alignleft size-medium wp-image-107553\" src=\"http:\/\/www.blogdothame.blog.br\/v1\/wp-content\/uploads\/2020\/10\/cpi-2-300x169.jpeg\" alt=\"cpi 2\" width=\"300\" height=\"169\" srcset=\"https:\/\/www.blogdothame.blog.br\/v1\/wp-content\/uploads\/2020\/10\/cpi-2-300x169.jpeg 300w, https:\/\/www.blogdothame.blog.br\/v1\/wp-content\/uploads\/2020\/10\/cpi-2-1024x576.jpeg 1024w, https:\/\/www.blogdothame.blog.br\/v1\/wp-content\/uploads\/2020\/10\/cpi-2.jpeg 1032w\" sizes=\"(max-width: 300px) 100vw, 300px\" \/>O diretor destaca que outros sinais ser\u00e3o observados pelos enfermeiros, no momento da entrevista, como sintomas gripais. \u201cPor\u00e9m, pedimos que as pessoas que sabem j\u00e1 estar com sintomas de gripe, que evitem fazer a visita nesse momento, e aguardem aquilo que chamamos de janela epidemiol\u00f3gica, que s\u00e3o, para n\u00f3s, os 15 dias de intervalo entre uma visita e outra\u201d.<\/p>\n<p>Outras medidas de seguran\u00e7a sanit\u00e1rias foram adotadas. A visita n\u00e3o poder\u00e1 adentrar a unidade com a m\u00e1scara de prote\u00e7\u00e3o que estiver usando. Todas as visitas receber\u00e3o uma m\u00e1scara da unidade prisional, que ser\u00e1 descartada na sa\u00edda. Tamb\u00e9m n\u00e3o ser\u00e1 permitida a entrada de qualquer objeto, nem alimentos ou cigarros.<\/p>\n<p>\u201c\u00c9 importante ressaltar que ainda estamos em uma pandemia e esse momento n\u00e3o \u00e9 de flexibiliza\u00e7\u00e3o ou de normaliza\u00e7\u00e3o das visitas. \u00c9 um momento de retomada, que pode vir a ser suspensa, a depender do comportamento dos \u00edndices de cont\u00e1gio, de ocupa\u00e7\u00e3o de leitos hospitalares ou de mortes, no estado, no munic\u00edpio ou na pr\u00f3pria unidade, a serem analisados pela pr\u00f3pria Secretaria de Administra\u00e7\u00e3o Penitenci\u00e1ria e Ressocializa\u00e7\u00e3o\u201d, finaliza o diretor Adriano J\u00e1come.<\/p>\n","protected":false},"excerpt":{"rendered":"<p>Na pr\u00f3xima ter\u00e7a-feira (20), as 26 unidades prisionais da Bahia iniciar\u00e3o a fase de retomada das visitas sociais. O Conjunto Penal de Itabuna (CPI) j\u00e1 est\u00e1 tomando todas as provid\u00eancias para garantir a seguran\u00e7a sanit\u00e1ria para visitantes, internos e funcion\u00e1rios. A retomada prev\u00ea um intervalo de 15 dias para visita\u00e7\u00e3o de cada grupo, como forma [&hellip;]<\/p>\n","protected":false},"author":2,"featured_media":0,"comment_status":"open","ping_status":"open","sticky":false,"template":"","format":"standard","meta":{"_links_to":"","_links_to_target":""},"categories":[1],"tags":[7107,26839,28287],"_links":{"self":[{"href":"https:\/\/www.blogdothame.blog.br\/v1\/wp-json\/wp\/v2\/posts\/107535"}],"collection":[{"href":"https:\/\/www.blogdothame.blog.br\/v1\/wp-json\/wp\/v2\/posts"}],"about":[{"href":"https:\/\/www.blogdothame.blog.br\/v1\/wp-json\/wp\/v2\/types\/post"}],"author":[{"embeddable":true,"href":"https:\/\/www.blogdothame.blog.br\/v1\/wp-json\/wp\/v2\/users\/2"}],"replies":[{"embeddable":true,"href":"https:\/\/www.blogdothame.blog.br\/v1\/wp-json\/wp\/v2\/comments?post=107535"}],"version-history":[{"count":2,"href":"https:\/\/www.blogdothame.blog.br\/v1\/wp-json\/wp\/v2\/posts\/107535\/revisions"}],"predecessor-version":[{"id":107555,"href":"https:\/\/www.blogdothame.blog.br\/v1\/wp-json\/wp\/v2\/posts\/107535\/revisions\/107555"}],"wp:attachment":[{"href":"https:\/\/www.blogdothame.blog.br\/v1\/wp-json\/wp\/v2\/media?parent=107535"}],"wp:term":[{"taxonomy":"category","embeddable":true,"href":"https:\/\/www.blogdothame.blog.br\/v1\/wp-json\/wp\/v2\/categories?post=107535"},{"taxonomy":"post_tag","embeddable":true,"href":"https:\/\/www.blogdothame.blog.br\/v1\/wp-json\/wp\/v2\/tags?post=107535"}],"curies":[{"name":"wp","href":"https:\/\/api.w.org\/{rel}","templated":true}]}}