{"id":107437,"date":"2020-10-14T17:07:57","date_gmt":"2020-10-14T20:07:57","guid":{"rendered":"http:\/\/www.blogdothame.blog.br\/v1\/?p=107437"},"modified":"2020-10-14T17:07:57","modified_gmt":"2020-10-14T20:07:57","slug":"hospital-de-campanha-da-arena-fonte-nova-sera-desativado-ate-esta-sexta","status":"publish","type":"post","link":"https:\/\/www.blogdothame.blog.br\/v1\/2020\/10\/14\/hospital-de-campanha-da-arena-fonte-nova-sera-desativado-ate-esta-sexta\/","title":{"rendered":"Hospital de Campanha da Arena Fonte Nova ser\u00e1 desativado at\u00e9 esta sexta"},"content":{"rendered":"<p><img loading=\"lazy\" class=\"aligncenter  wp-image-107440\" src=\"http:\/\/www.blogdothame.blog.br\/v1\/wp-content\/uploads\/2020\/10\/arena-11.jpg\" alt=\"arena 1\" width=\"476\" height=\"317\" srcset=\"https:\/\/www.blogdothame.blog.br\/v1\/wp-content\/uploads\/2020\/10\/arena-11.jpg 900w, https:\/\/www.blogdothame.blog.br\/v1\/wp-content\/uploads\/2020\/10\/arena-11-300x200.jpg 300w\" sizes=\"(max-width: 476px) 100vw, 476px\" \/><\/p>\n<p>Com mais de 480 altas contabilizadas, o Hospital de Campanha instalado pelo Estado na Arena Fonte Nova ser\u00e1 desativado at\u00e9 esta sexta-feira (16), em fun\u00e7\u00e3o da ampla queda na demanda. Aberta em junho, para tratar exclusivamente de pacientes com sintomas graves da Covid-19, a unidade contava, at\u00e9 o in\u00edcio da tarde desta quarta-feira (14), com apenas tr\u00eas pacientes internados.<\/p>\n<p><img loading=\"lazy\" class=\"aligncenter size-medium wp-image-107438\" src=\"http:\/\/www.blogdothame.blog.br\/v1\/wp-content\/uploads\/2020\/10\/arena-2-300x200.jpg\" alt=\"arena 2\" width=\"300\" height=\"200\" srcset=\"https:\/\/www.blogdothame.blog.br\/v1\/wp-content\/uploads\/2020\/10\/arena-2-300x200.jpg 300w, https:\/\/www.blogdothame.blog.br\/v1\/wp-content\/uploads\/2020\/10\/arena-2.jpg 900w\" sizes=\"(max-width: 300px) 100vw, 300px\" \/><\/p>\n<p>\u201cRealmente, estamos na fase final de desmobiliza\u00e7\u00e3o. Desde o dia 30 de setembro, deixamos de receber pacientes regulados e passamos a cuidar apenas dos que j\u00e1 estavam internados, que pouco a pouco foram tendo alta. Permanecemos apenas com alguns leitos de UTI e de enfermaria que ser\u00e3o desativados at\u00e9 a pr\u00f3xima sexta\u201d, explica a diretora da unidade, a m\u00e9dica infectologista Led\u00edvia Espinheira.<\/p>\n<p>Implantado pela Secretaria da Sa\u00fade do Estado (Sesab), o centro de tratamento chegou a contar com 240 leitos no momento de maior atividade registrada. Apenas a rede de gases ser\u00e1 mantida, a fim de facilitar a montagem da estrutura, em uma eventual necessidade.<\/p>\n","protected":false},"excerpt":{"rendered":"<p>Com mais de 480 altas contabilizadas, o Hospital de Campanha instalado pelo Estado na Arena Fonte Nova ser\u00e1 desativado at\u00e9 esta sexta-feira (16), em fun\u00e7\u00e3o da ampla queda na demanda. Aberta em junho, para tratar exclusivamente de pacientes com sintomas graves da Covid-19, a unidade contava, at\u00e9 o in\u00edcio da tarde desta quarta-feira (14), com [&hellip;]<\/p>\n","protected":false},"author":2,"featured_media":0,"comment_status":"open","ping_status":"open","sticky":false,"template":"","format":"standard","meta":{"_links_to":"","_links_to_target":""},"categories":[1],"tags":[26839,28273,28272],"_links":{"self":[{"href":"https:\/\/www.blogdothame.blog.br\/v1\/wp-json\/wp\/v2\/posts\/107437"}],"collection":[{"href":"https:\/\/www.blogdothame.blog.br\/v1\/wp-json\/wp\/v2\/posts"}],"about":[{"href":"https:\/\/www.blogdothame.blog.br\/v1\/wp-json\/wp\/v2\/types\/post"}],"author":[{"embeddable":true,"href":"https:\/\/www.blogdothame.blog.br\/v1\/wp-json\/wp\/v2\/users\/2"}],"replies":[{"embeddable":true,"href":"https:\/\/www.blogdothame.blog.br\/v1\/wp-json\/wp\/v2\/comments?post=107437"}],"version-history":[{"count":1,"href":"https:\/\/www.blogdothame.blog.br\/v1\/wp-json\/wp\/v2\/posts\/107437\/revisions"}],"predecessor-version":[{"id":107441,"href":"https:\/\/www.blogdothame.blog.br\/v1\/wp-json\/wp\/v2\/posts\/107437\/revisions\/107441"}],"wp:attachment":[{"href":"https:\/\/www.blogdothame.blog.br\/v1\/wp-json\/wp\/v2\/media?parent=107437"}],"wp:term":[{"taxonomy":"category","embeddable":true,"href":"https:\/\/www.blogdothame.blog.br\/v1\/wp-json\/wp\/v2\/categories?post=107437"},{"taxonomy":"post_tag","embeddable":true,"href":"https:\/\/www.blogdothame.blog.br\/v1\/wp-json\/wp\/v2\/tags?post=107437"}],"curies":[{"name":"wp","href":"https:\/\/api.w.org\/{rel}","templated":true}]}}