{"id":106896,"date":"2020-10-02T10:38:32","date_gmt":"2020-10-02T13:38:32","guid":{"rendered":"http:\/\/www.blogdothame.blog.br\/v1\/?p=106896"},"modified":"2020-10-02T10:38:32","modified_gmt":"2020-10-02T13:38:32","slug":"santa-casa-de-itabuna-comemora-500-altas-medicas-das-unidades-covid-19","status":"publish","type":"post","link":"https:\/\/www.blogdothame.blog.br\/v1\/2020\/10\/02\/santa-casa-de-itabuna-comemora-500-altas-medicas-das-unidades-covid-19\/","title":{"rendered":"Santa Casa de Itabuna comemora 500  altas m\u00e9dicas das Unidades Covid-19"},"content":{"rendered":"<p><img loading=\"lazy\" class=\"aligncenter  wp-image-106897\" src=\"http:\/\/www.blogdothame.blog.br\/v1\/wp-content\/uploads\/2020\/10\/500-altas-covid-19.jpg-2-1024x768.jpg\" alt=\"500 altas covid 19.jpg 2\" width=\"481\" height=\"361\" srcset=\"https:\/\/www.blogdothame.blog.br\/v1\/wp-content\/uploads\/2020\/10\/500-altas-covid-19.jpg-2-1024x768.jpg 1024w, https:\/\/www.blogdothame.blog.br\/v1\/wp-content\/uploads\/2020\/10\/500-altas-covid-19.jpg-2-300x225.jpg 300w, https:\/\/www.blogdothame.blog.br\/v1\/wp-content\/uploads\/2020\/10\/500-altas-covid-19.jpg-2.jpg 1280w\" sizes=\"(max-width: 481px) 100vw, 481px\" \/><\/p>\n<p>Desde a entrada dos primeiros pacientes com sintomas do novo coronav\u00edrus que a rotina nos corredores, leitos e estacionamentos dos hospitais Calixto Midlej Filho (HCMF) e Manoel Novaes (HMN) mudou. Com o aumento de casos graves de infectados pelo v\u00edrus, o n\u00famero de internamentos disparou nos \u00faltimos seis meses, principalmente de pacientes adultos, e cada alta m\u00e9dica tem sido muito comemorada.\u00a0Os\u00a0pacientem\u00a0recebem\u00a0o certificado\u00a0de\u00a0etapa vencida ao deixarem\u00a0as\u00a0unidades.<\/p>\n<p>Desse per\u00edodo de pandemia, h\u00e1 v\u00e1rias hist\u00f3rias felizes para contar sobre o tratamento. Uma das hist\u00f3rias de supera\u00e7\u00e3o \u00e9 do casal Judson e Maria de Lourdes Lisboa, que est\u00e3o juntos h\u00e1 quatro d\u00e9cadas. Moradores de Itaju\u00edpe, eles ficaram internados na Unidade Covid do Hospital Calixto Filho, de onde receberam alta no dia 17 de julho.<\/p>\n<p>Oura hist\u00f3ria de supera\u00e7\u00e3o nessa pandemia \u00e9 de um homem de 103 anos. Morador de Uru\u00e7uca, seu Jos\u00e9 Rodrigues dos Santos ficou internado durante seis dias na enfermaria da unidade Covid-19 do Calixto Midlej Filho. Muito querido em sua cidade natal, seu \u201cZ\u00e9 Aguadeiro\u201d,\u00a0como \u00e9 conhecido,\u00a0foi recebido com festa no dia 20 de julho.<\/p>\n<p>Desde os registros dos primeiros casos de novo no sul da Bahia, na segunda quinzena de fevereiro, at\u00e9 quinta-feira (1\u00aa)\u00a0o\u00a0HCMF e\u00a0o\u00a0HMN contabilizaram\u00a02.532 atendimentos. Desse total, 922 pessoas precisaram de internamentos nas duas unidades, sendo que 502 j\u00e1 receberam alta m\u00e9dica. Muitas desses pacientes est\u00e3o completamente recuperados da doen\u00e7a.<\/p>\n<p><!--more--><\/p>\n<p>A diretora t\u00e9cnica do HCMF, a m\u00e9dica L\u00edvia Mendes, destaca que o hospital foi o primeiro no sul da Bahia a se preparar para atender pacientes com suspeita e\/ou positivados para o novo coronav\u00edrus. \u201cNo in\u00edcio do ano promovemos o treinamento dos profissionais e adequamos as estruturas da nossa unidade para o enfrentamento ao novo coronav\u00edrus\u201d,\u00a0observa.<\/p>\n<p>VIT\u00d3RIA<\/p>\n<p>A diretora\u00a0afirma\u00a0que a alta m\u00e9dica de cada paciente representa uma vit\u00f3ria n\u00e3o s\u00f3 para as fam\u00edlias, mas tamb\u00e9m para todos os profissionais envolvidos no tratamento dele. \u201cO nosso sentimento \u00e9 de muita gratid\u00e3o pelo trabalho que vem sendo\u00a0oferecido. Os \u00faltimos seis meses foram muito dif\u00edceis, marcados por uma maior sobrecarga f\u00edsica e emocional, pois convivemos com o sofrimento de muitos pacientes e fam\u00edlias\u201d.<\/p>\n<p>L\u00edvia Mendes relata que, em alguns casos, a doen\u00e7a atingiu mais de um membro da mesma fam\u00edlia. Isso exigiu ainda mais dos profissionais. \u201cChegamos com essas 500 altas com o sentimento de que as nossas equipes fizeram o melhor trabalho poss\u00edvel para acompanhamento e tratamento desses pacientes. Chegamos at\u00e9 aqui com sensa\u00e7\u00e3o de dever cumprido\u201d.<\/p>\n<p>A m\u00e9dica ressalta que muitos pacientes chegaram em estado muito grave e, mesmo assim, conseguiram vencer a batalha contra o novo coronav\u00edrus. \u201cH\u00e1 casos de paciente que ficou internado no nosso hospital por mais\u00a0de\u00a060 dias e conseguiu se recuperar. Outros, com sequelas mais graves, ainda est\u00e3o em fase de tratamento\u201d, explica.<\/p>\n<p>A diretora m\u00e9dica alerta que o momento mais dram\u00e1tico parece ter sido superado, mas que as pessoas n\u00e3o podem abandonar as medidas preventivas. \u201cOs n\u00fameros j\u00e1 mostram uma curva decrescente. A quantidade de pacientes internados caiu consideravelmente. Isso nos deixa um pouco mais tranquilos para\u00a0sequ\u00eancia\u00a0nessa luta de enfrentamento n\u00e3o s\u00f3 ao novo coronav\u00edrus, mas tamb\u00e9m na manuten\u00e7\u00e3o das assist\u00eancias que o Calixto presta na nefrologia, oncologia, cirurgias\u00a0de m\u00e9dia e alta complexidade\u00a0e aos pacientes da cl\u00ednica m\u00e9dica\u201d, finaliza.<\/p>\n","protected":false},"excerpt":{"rendered":"<p>Desde a entrada dos primeiros pacientes com sintomas do novo coronav\u00edrus que a rotina nos corredores, leitos e estacionamentos dos hospitais Calixto Midlej Filho (HCMF) e Manoel Novaes (HMN) mudou. Com o aumento de casos graves de infectados pelo v\u00edrus, o n\u00famero de internamentos disparou nos \u00faltimos seis meses, principalmente de pacientes adultos, e cada [&hellip;]<\/p>\n","protected":false},"author":2,"featured_media":0,"comment_status":"open","ping_status":"open","sticky":false,"template":"","format":"standard","meta":{"_links_to":"","_links_to_target":""},"categories":[1],"tags":[28192,26839,973],"_links":{"self":[{"href":"https:\/\/www.blogdothame.blog.br\/v1\/wp-json\/wp\/v2\/posts\/106896"}],"collection":[{"href":"https:\/\/www.blogdothame.blog.br\/v1\/wp-json\/wp\/v2\/posts"}],"about":[{"href":"https:\/\/www.blogdothame.blog.br\/v1\/wp-json\/wp\/v2\/types\/post"}],"author":[{"embeddable":true,"href":"https:\/\/www.blogdothame.blog.br\/v1\/wp-json\/wp\/v2\/users\/2"}],"replies":[{"embeddable":true,"href":"https:\/\/www.blogdothame.blog.br\/v1\/wp-json\/wp\/v2\/comments?post=106896"}],"version-history":[{"count":1,"href":"https:\/\/www.blogdothame.blog.br\/v1\/wp-json\/wp\/v2\/posts\/106896\/revisions"}],"predecessor-version":[{"id":106898,"href":"https:\/\/www.blogdothame.blog.br\/v1\/wp-json\/wp\/v2\/posts\/106896\/revisions\/106898"}],"wp:attachment":[{"href":"https:\/\/www.blogdothame.blog.br\/v1\/wp-json\/wp\/v2\/media?parent=106896"}],"wp:term":[{"taxonomy":"category","embeddable":true,"href":"https:\/\/www.blogdothame.blog.br\/v1\/wp-json\/wp\/v2\/categories?post=106896"},{"taxonomy":"post_tag","embeddable":true,"href":"https:\/\/www.blogdothame.blog.br\/v1\/wp-json\/wp\/v2\/tags?post=106896"}],"curies":[{"name":"wp","href":"https:\/\/api.w.org\/{rel}","templated":true}]}}