{"id":106534,"date":"2020-09-24T07:49:52","date_gmt":"2020-09-24T10:49:52","guid":{"rendered":"http:\/\/www.blogdothame.blog.br\/v1\/?p=106534"},"modified":"2020-09-23T19:51:59","modified_gmt":"2020-09-23T22:51:59","slug":"geseor-esclarece-sobre-matricula-de-calouros-para-o-trimestre-excepcional-da-uesc","status":"publish","type":"post","link":"https:\/\/www.blogdothame.blog.br\/v1\/2020\/09\/24\/geseor-esclarece-sobre-matricula-de-calouros-para-o-trimestre-excepcional-da-uesc\/","title":{"rendered":"Geseor esclarece sobre matr\u00edcula de calouros para o Trimestre Excepcional da Uesc"},"content":{"rendered":"<p><img loading=\"lazy\" class=\"alignright size-medium wp-image-102760\" src=\"http:\/\/www.blogdothame.blog.br\/v1\/wp-content\/uploads\/2020\/06\/Uesc-300x200.jpeg\" alt=\"Uesc\" width=\"300\" height=\"200\" srcset=\"https:\/\/www.blogdothame.blog.br\/v1\/wp-content\/uploads\/2020\/06\/Uesc-300x200.jpeg 300w, https:\/\/www.blogdothame.blog.br\/v1\/wp-content\/uploads\/2020\/06\/Uesc-1024x682.jpeg 1024w, https:\/\/www.blogdothame.blog.br\/v1\/wp-content\/uploads\/2020\/06\/Uesc.jpeg 1280w\" sizes=\"(max-width: 300px) 100vw, 300px\" \/>O trimestral excepcional das atividades de ensino de gradua\u00e7\u00e3o e p\u00f3s-gradua\u00e7\u00e3o da Universidade Estadual de Santa Cruz, em consequ\u00eancia do novo coronav\u00edrus SARS-CoV-2, causador da Covid-19, ser\u00e1 iniciado no dia 5 de outubro. Os estudantes devem ter aten\u00e7\u00e3o aos prazos estabelecidos no Calend\u00e1rio Acad\u00eamico Excepcional, anexo \u00e0 Resolu\u00e7\u00e3o 38\/2020 do Conselho Superior de Ensino, Pesquisa e Extens\u00e3o (Consepe\/Uesc) que est\u00e3o dispon\u00edveis no site da Uesc.<\/p>\n<p>O processo de matr\u00edcula para o Trimestre letivo Excepcional inicia nesta quinta-feira (24) e se encerra no dia 26 de setembro. Est\u00e3o aptos os ingressantes Sisu 2020.1, os veteranos, aqueles com pedidos de retorno deferidos e aprovados em sele\u00e7\u00e3o de transfer\u00eancia externa. Todos os relacionados no Sisu 2020.1, que queiram participar deste trimestre, necessitam realizar a matr\u00edcula.<\/p>\n<p>Nesta quarta-feira (23), a Ger\u00eancia de Sele\u00e7\u00e3o e Orienta\u00e7\u00e3o da Universidade Estadual de Santa Cruz (Geseor\/Uesc) divulgou nota de esclarecimento sobre a matr\u00edcula de calouros para o Trimestre Excepcional:<\/p>\n<p><!--more--><\/p>\n<p>Prezados(as),<\/p>\n<p>Informamos que conforme disposto na Resolu\u00e7\u00e3o CONSEPE n\u00ba 38\/2020,\u00a0 em raz\u00e3o da Pandemia da Covid-19, o retorno das atividades acad\u00eamicas acontecer\u00e1 a partir do dia 05 de outubro de 2020, de forma n\u00e3o presencial, em car\u00e1ter excepcional e tempor\u00e1rio.<\/p>\n<p>Esse per\u00edodo de oferta do Ensino N\u00e3o Presencial compreender\u00e1 tr\u00eas meses, ser\u00e1 denominado Trimestre Letivo Excepcional e ser\u00e1 desenvolvido em conformidade com o Calend\u00e1rio Acad\u00eamico Excepcional, indicado no Anexo \u00fanico da Resolu\u00e7\u00e3o CONSEPE n\u00ba 38\/2020.<\/p>\n<p>Dessa forma, os alunos(as) que tiveram matr\u00edcula deferida para o primeiro semestre de 2020 poder\u00e3o cursar o Trimestre Excepcional, desde que efetuem a matr\u00edcula nas disciplinas no per\u00edodo de 24 &#8211; 26 de setembro de 2020, definido pela Resolu\u00e7\u00e3o CONSEPE n\u00ba 38\/2020.<\/p>\n<p>Informamos ainda que\u00a0 a matr\u00edcula para esse per\u00edodo ser\u00e1 facultativa e conforme disposto no \u00a72\u00ba do Art. 1\u00ba da Resolu\u00e7\u00e3o Consepe N\u00ba38\/2020, o\/a discente que optar por n\u00e3o se matricular para o Trimestre Letivo Excepcional n\u00e3o sofrer\u00e1 qualquer preju\u00edzo e lhe ser\u00e1 assegurada a continuidade regular dos estudos no retorno presencial.<\/p>\n<p>Al\u00e9m disso, ressaltamos que a Confirma\u00e7\u00e3o Presencial de Matr\u00edcula n\u00e3o ser\u00e1 necess\u00e1ria para os candidatos que optarem por cursar o Trimestre Letivo Excepcional.<\/p>\n<p>Em caso de d\u00favidas, o aluno(a) dever\u00e1 entrar em contato com seu respectivo Colegiado que far\u00e1 as devidas orienta\u00e7\u00f5es.<\/p>\n","protected":false},"excerpt":{"rendered":"<p>O trimestral excepcional das atividades de ensino de gradua\u00e7\u00e3o e p\u00f3s-gradua\u00e7\u00e3o da Universidade Estadual de Santa Cruz, em consequ\u00eancia do novo coronav\u00edrus SARS-CoV-2, causador da Covid-19, ser\u00e1 iniciado no dia 5 de outubro. Os estudantes devem ter aten\u00e7\u00e3o aos prazos estabelecidos no Calend\u00e1rio Acad\u00eamico Excepcional, anexo \u00e0 Resolu\u00e7\u00e3o 38\/2020 do Conselho Superior de Ensino, Pesquisa [&hellip;]<\/p>\n","protected":false},"author":2,"featured_media":0,"comment_status":"open","ping_status":"open","sticky":false,"template":"","format":"standard","meta":{"_links_to":"","_links_to_target":""},"categories":[1],"tags":[28111,28110,28109,1296],"_links":{"self":[{"href":"https:\/\/www.blogdothame.blog.br\/v1\/wp-json\/wp\/v2\/posts\/106534"}],"collection":[{"href":"https:\/\/www.blogdothame.blog.br\/v1\/wp-json\/wp\/v2\/posts"}],"about":[{"href":"https:\/\/www.blogdothame.blog.br\/v1\/wp-json\/wp\/v2\/types\/post"}],"author":[{"embeddable":true,"href":"https:\/\/www.blogdothame.blog.br\/v1\/wp-json\/wp\/v2\/users\/2"}],"replies":[{"embeddable":true,"href":"https:\/\/www.blogdothame.blog.br\/v1\/wp-json\/wp\/v2\/comments?post=106534"}],"version-history":[{"count":1,"href":"https:\/\/www.blogdothame.blog.br\/v1\/wp-json\/wp\/v2\/posts\/106534\/revisions"}],"predecessor-version":[{"id":106535,"href":"https:\/\/www.blogdothame.blog.br\/v1\/wp-json\/wp\/v2\/posts\/106534\/revisions\/106535"}],"wp:attachment":[{"href":"https:\/\/www.blogdothame.blog.br\/v1\/wp-json\/wp\/v2\/media?parent=106534"}],"wp:term":[{"taxonomy":"category","embeddable":true,"href":"https:\/\/www.blogdothame.blog.br\/v1\/wp-json\/wp\/v2\/categories?post=106534"},{"taxonomy":"post_tag","embeddable":true,"href":"https:\/\/www.blogdothame.blog.br\/v1\/wp-json\/wp\/v2\/tags?post=106534"}],"curies":[{"name":"wp","href":"https:\/\/api.w.org\/{rel}","templated":true}]}}